{"id":10002,"date":"2017-11-21T19:05:13","date_gmt":"2017-11-22T00:05:13","guid":{"rendered":"http:\/\/futbolhoy.co\/?p=10002"},"modified":"2017-11-21T19:05:13","modified_gmt":"2017-11-22T00:05:13","slug":"pelusso-culpo-publicamente-a-omar-perez-por-su-salida-de-santa-fe","status":"publish","type":"post","link":"https:\/\/futbolhoy.co\/index.php\/2017\/11\/21\/pelusso-culpo-publicamente-a-omar-perez-por-su-salida-de-santa-fe\/","title":{"rendered":"Pelusso culp\u00f3 p\u00fablicamente a Omar P\u00e9rez por su salida de Santa Fe"},"content":{"rendered":"<p style=\"font-weight: 400; text-align: justify;\">El t\u00e9cnico uruguayo <strong>Gerardo Pelusso<\/strong> rompi\u00f3 su silencio sobre la salida de <strong>Santa Fe<\/strong> y asegur\u00f3 que el volante <strong>Omar P\u00e9rez<\/strong> \u201carm\u00f3 bien la trampa para su salida\u201d.<\/p>\n<p style=\"font-weight: 400; text-align: justify;\">El entrenador en dialogo con\u00a0el programa\u00a0<em><strong>Hacha y Tiza<\/strong>\u00a0<\/em>de Montevideo, precis\u00f3: \u00ab\u00c9l no me perdon\u00f3 que no jugara las finales de la Copa Sudamericana\u2026Era un jugador grande, de cierta edad, ven\u00eda de una operaci\u00f3n y estaba para jugar 15 o 20 minutos en partidos complicados\u00bb.<\/p>\n<p style=\"font-weight: 400; text-align: justify;\">\u00abSalimos campeones de la Copa Sudamericana sin que \u00e9l fuera el capit\u00e1n y la figura como siempre fue en Santa Fe y eso no me lo perdon\u00f3\u00bb, agreg\u00f3 Pelusso.<\/p>\n<p style=\"font-weight: 400; text-align: justify;\">\u00abA mitad de a\u00f1o, varias personas dentro del club hicieron una manifestaci\u00f3n y pidieron mi cabeza. \u00c9l ten\u00eda que ir a la concentraci\u00f3n, no se present\u00f3, se fue a la casa y desde ah\u00ed arm\u00f3 todo el tema de las redes sociales. Se present\u00f3 una situaci\u00f3n, yo llam\u00e9 al presidente y le dije ac\u00e1 no dirijo m\u00e1s'\u00bb, concluy\u00f3.<\/p>\n","protected":false},"excerpt":{"rendered":"<p>El t\u00e9cnico uruguayo Gerardo Pelusso rompi\u00f3 su silencio sobre la salida de Santa Fe y asegur\u00f3 que el volante Omar P\u00e9rez \u201carm\u00f3 bien la trampa para su salida\u201d. El entrenador en dialogo con\u00a0el programa\u00a0Hacha y Tiza\u00a0de Montevideo, precis\u00f3: \u00ab\u00c9l no me perdon\u00f3 que no jugara las finales de la Copa Sudamericana\u2026Era un jugador grande, de [&hellip;]<\/p>\n","protected":false},"author":5,"featured_media":10003,"comment_status":"open","ping_status":"closed","sticky":false,"template":"","format":"standard","meta":{"_acf_changed":false,"footnotes":""},"categories":[5,7],"tags":[169,466],"class_list":{"0":"post-10002","1":"post","2":"type-post","3":"status-publish","4":"format-standard","5":"has-post-thumbnail","7":"category-destacados","8":"category-liga-betplay","9":"tag-independiente-santa-fe","10":"tag-pelusso"},"acf":[],"_links":{"self":[{"href":"https:\/\/futbolhoy.co\/index.php\/wp-json\/wp\/v2\/posts\/10002","targetHints":{"allow":["GET"]}}],"collection":[{"href":"https:\/\/futbolhoy.co\/index.php\/wp-json\/wp\/v2\/posts"}],"about":[{"href":"https:\/\/futbolhoy.co\/index.php\/wp-json\/wp\/v2\/types\/post"}],"author":[{"embeddable":true,"href":"https:\/\/futbolhoy.co\/index.php\/wp-json\/wp\/v2\/users\/5"}],"replies":[{"embeddable":true,"href":"https:\/\/futbolhoy.co\/index.php\/wp-json\/wp\/v2\/comments?post=10002"}],"version-history":[{"count":1,"href":"https:\/\/futbolhoy.co\/index.php\/wp-json\/wp\/v2\/posts\/10002\/revisions"}],"predecessor-version":[{"id":10006,"href":"https:\/\/futbolhoy.co\/index.php\/wp-json\/wp\/v2\/posts\/10002\/revisions\/10006"}],"wp:featuredmedia":[{"embeddable":true,"href":"https:\/\/futbolhoy.co\/index.php\/wp-json\/wp\/v2\/media\/10003"}],"wp:attachment":[{"href":"https:\/\/futbolhoy.co\/index.php\/wp-json\/wp\/v2\/media?parent=10002"}],"wp:term":[{"taxonomy":"category","embeddable":true,"href":"https:\/\/futbolhoy.co\/index.php\/wp-json\/wp\/v2\/categories?post=10002"},{"taxonomy":"post_tag","embeddable":true,"href":"https:\/\/futbolhoy.co\/index.php\/wp-json\/wp\/v2\/tags?post=10002"}],"curies":[{"name":"wp","href":"https:\/\/api.w.org\/{rel}","templated":true}]}}