{"id":10009,"date":"2017-11-21T19:13:27","date_gmt":"2017-11-22T00:13:27","guid":{"rendered":"http:\/\/futbolhoy.co\/?p=10009"},"modified":"2017-11-21T19:13:27","modified_gmt":"2017-11-22T00:13:27","slug":"gol-de-falcao-no-evito-eliminacion-del-monaco-en-champions","status":"publish","type":"post","link":"https:\/\/futbolhoy.co\/index.php\/2017\/11\/21\/gol-de-falcao-no-evito-eliminacion-del-monaco-en-champions\/","title":{"rendered":"Gol de Falcao no evit\u00f3 eliminaci\u00f3n del M\u00f3naco en Champions"},"content":{"rendered":"<p style=\"font-weight: 400; text-align: justify;\"><strong>M\u00f3naco<\/strong>, conducido por <strong>Radamel Falcao Garc\u00eda<\/strong>, qued\u00f3 eliminado de toda competencia europea al caer estrepitosamente frente al <strong>Leipzig<\/strong> 4-1, este martes en la quinta fecha por la fase de grupos de <strong>Liga de Campeones.<\/strong><\/p>\n<p style=\"font-weight: 400; text-align: justify;\">La derrota no solo deja al equipo franc\u00e9s fuera de los octavos de final de la Liga de Campeones, sino que lo condena al \u00faltimo puesto del grupo G y sin posibilidad de jugar la Europa League.<\/p>\n<p style=\"font-weight: 400; text-align: justify;\">Falcao, que jug\u00f3 los 90 minutos, logr\u00f3 el descuento de su club y adem\u00e1s cometi\u00f3 un penal que signific\u00f3 el tercer tanto del equipo alem\u00e1n.<\/p>\n<p style=\"font-weight: 400; text-align: justify;\">Otros resultados:<\/p>\n<p style=\"font-weight: 400; text-align: justify;\">Spartak Mosc\u00fa\u00a0 1 &#8211; 1\u00a0 Maribor<\/p>\n<p style=\"font-weight: 400; text-align: justify;\">Besiktas\u00a0 1 &#8211; 1\u00a0 Porto<\/p>\n<p style=\"font-weight: 400; text-align: justify;\">Manchester C.\u00a0 1 &#8211; 0\u00a0 Feyenoord<\/p>\n<p style=\"font-weight: 400; text-align: justify;\">Apoel\u00a0 0 &#8211; 6\u00a0 Real Madrid<\/p>\n<p style=\"font-weight: 400; text-align: justify;\">Napoli\u00a0 3 &#8211; 0\u00a0 Shaktar Donest<\/p>\n<p style=\"font-weight: 400; text-align: justify;\"><em>Clasificados a octavos:<\/em>\u00a0PSG, Bayern Munich, Manchester C., Besiktas, Tottenham\u00a0y Real Madrid.<\/p>\n<p><em>Eliminados:<\/em>\u00a0Celtic, Anderlecht, Borussia D., Apoel\u00a0(podrian jugar la Europa league), Feyenoord, Maribor, M\u00f3naco.<\/p>\n","protected":false},"excerpt":{"rendered":"<p>M\u00f3naco, conducido por Radamel Falcao Garc\u00eda, qued\u00f3 eliminado de toda competencia europea al caer estrepitosamente frente al Leipzig 4-1, este martes en la quinta fecha por la fase de grupos de Liga de Campeones. La derrota no solo deja al equipo franc\u00e9s fuera de los octavos de final de la Liga de Campeones, sino que [&hellip;]<\/p>\n","protected":false},"author":5,"featured_media":10005,"comment_status":"open","ping_status":"closed","sticky":false,"template":"","format":"standard","meta":{"_acf_changed":false,"footnotes":""},"categories":[4,5],"tags":[81,141],"class_list":{"0":"post-10009","1":"post","2":"type-post","3":"status-publish","4":"format-standard","5":"has-post-thumbnail","7":"category-champions-league","8":"category-destacados","9":"tag-champions-league","10":"tag-falcao-garcia"},"acf":[],"_links":{"self":[{"href":"https:\/\/futbolhoy.co\/index.php\/wp-json\/wp\/v2\/posts\/10009","targetHints":{"allow":["GET"]}}],"collection":[{"href":"https:\/\/futbolhoy.co\/index.php\/wp-json\/wp\/v2\/posts"}],"about":[{"href":"https:\/\/futbolhoy.co\/index.php\/wp-json\/wp\/v2\/types\/post"}],"author":[{"embeddable":true,"href":"https:\/\/futbolhoy.co\/index.php\/wp-json\/wp\/v2\/users\/5"}],"replies":[{"embeddable":true,"href":"https:\/\/futbolhoy.co\/index.php\/wp-json\/wp\/v2\/comments?post=10009"}],"version-history":[{"count":1,"href":"https:\/\/futbolhoy.co\/index.php\/wp-json\/wp\/v2\/posts\/10009\/revisions"}],"predecessor-version":[{"id":10010,"href":"https:\/\/futbolhoy.co\/index.php\/wp-json\/wp\/v2\/posts\/10009\/revisions\/10010"}],"wp:featuredmedia":[{"embeddable":true,"href":"https:\/\/futbolhoy.co\/index.php\/wp-json\/wp\/v2\/media\/10005"}],"wp:attachment":[{"href":"https:\/\/futbolhoy.co\/index.php\/wp-json\/wp\/v2\/media?parent=10009"}],"wp:term":[{"taxonomy":"category","embeddable":true,"href":"https:\/\/futbolhoy.co\/index.php\/wp-json\/wp\/v2\/categories?post=10009"},{"taxonomy":"post_tag","embeddable":true,"href":"https:\/\/futbolhoy.co\/index.php\/wp-json\/wp\/v2\/tags?post=10009"}],"curies":[{"name":"wp","href":"https:\/\/api.w.org\/{rel}","templated":true}]}}