{"id":100297,"date":"2023-10-19T19:47:28","date_gmt":"2023-10-20T00:47:28","guid":{"rendered":"https:\/\/futbolhoy.co\/?p=100297"},"modified":"2023-10-20T18:08:11","modified_gmt":"2023-10-20T23:08:11","slug":"luis-diaz-pasa-la-pagina-de-la-seleccion-y-envia-sentido-mensaje","status":"publish","type":"post","link":"https:\/\/futbolhoy.co\/index.php\/2023\/10\/19\/luis-diaz-pasa-la-pagina-de-la-seleccion-y-envia-sentido-mensaje\/","title":{"rendered":"Luis D\u00edaz pasa la p\u00e1gina de la Selecci\u00f3n y env\u00eda sentido mensaje"},"content":{"rendered":"<p style=\"text-align: justify;\"><span style=\"font-family: helvetica, arial, sans-serif;\"><strong>Luis D\u00edaz<\/strong> fue uno de los se\u00f1alados por la afici\u00f3n luego de la doble <strong>fecha FIFA<\/strong> en la que la <strong>Selecci\u00f3n<\/strong> <strong>Colombia<\/strong> empat\u00f3 ante <strong>Uruguay<\/strong> en el <strong>Metropolitano<\/strong> y tambi\u00e9n frente a <strong>Ecuador<\/strong> en <strong>Quito<\/strong>.<\/span><\/p>\n<p style=\"text-align: justify;\"><span style=\"font-family: helvetica, arial, sans-serif;\">El futbolista guajiro fall\u00f3 un penal que pudo haber significado el triunfo para la Tricolor en su visita a suelo ecuatoriano y eso hizo que incrementaran los cuestionamientos hacia \u00e9l vistiendo la camiseta nacional, por lo que en sus redes sociales public\u00f3 un sentido mensaje.<\/span><\/p>\n<p style=\"text-align: justify;\"><span style=\"font-family: helvetica, arial, sans-serif;\">\u00abSeguimos juntos mi sele. A veces hay que caer para levantarse y volverlo a intentar como siempre en la vida\u00bb, fueron las palabras que escribi\u00f3 en su cuenta de <strong>Instagram<\/strong>.<\/span><\/p>\n<p style=\"text-align: justify;\"><span style=\"font-family: helvetica, arial, sans-serif;\">Lucho ya est\u00e1 de regreso en <strong>Liverpool<\/strong>, donde fue recibido por J\u00fcrgen Klopp y el resto de sus compa\u00f1eros con los que tendr\u00e1n que encarar el pr\u00f3ximo fin de semana el <strong>Derby<\/strong> de <strong>Merseyside<\/strong> ante el <strong>Everton<\/strong>.<\/span><\/p>\n","protected":false},"excerpt":{"rendered":"<p>Luis D\u00edaz fue uno de los se\u00f1alados por la afici\u00f3n luego de la doble fecha FIFA en la que la Selecci\u00f3n Colombia empat\u00f3 ante Uruguay en el Metropolitano y tambi\u00e9n frente a Ecuador en Quito. El futbolista guajiro fall\u00f3 un penal que pudo haber significado el triunfo para la Tricolor en su visita a suelo [&hellip;]<\/p>\n","protected":false},"author":4,"featured_media":100298,"comment_status":"open","ping_status":"closed","sticky":false,"template":"","format":"standard","meta":{"_acf_changed":false,"footnotes":""},"categories":[418],"tags":[],"class_list":{"0":"post-100297","1":"post","2":"type-post","3":"status-publish","4":"format-standard","5":"has-post-thumbnail","7":"category-colombia"},"acf":[],"_links":{"self":[{"href":"https:\/\/futbolhoy.co\/index.php\/wp-json\/wp\/v2\/posts\/100297","targetHints":{"allow":["GET"]}}],"collection":[{"href":"https:\/\/futbolhoy.co\/index.php\/wp-json\/wp\/v2\/posts"}],"about":[{"href":"https:\/\/futbolhoy.co\/index.php\/wp-json\/wp\/v2\/types\/post"}],"author":[{"embeddable":true,"href":"https:\/\/futbolhoy.co\/index.php\/wp-json\/wp\/v2\/users\/4"}],"replies":[{"embeddable":true,"href":"https:\/\/futbolhoy.co\/index.php\/wp-json\/wp\/v2\/comments?post=100297"}],"version-history":[{"count":1,"href":"https:\/\/futbolhoy.co\/index.php\/wp-json\/wp\/v2\/posts\/100297\/revisions"}],"predecessor-version":[{"id":100299,"href":"https:\/\/futbolhoy.co\/index.php\/wp-json\/wp\/v2\/posts\/100297\/revisions\/100299"}],"wp:featuredmedia":[{"embeddable":true,"href":"https:\/\/futbolhoy.co\/index.php\/wp-json\/wp\/v2\/media\/100298"}],"wp:attachment":[{"href":"https:\/\/futbolhoy.co\/index.php\/wp-json\/wp\/v2\/media?parent=100297"}],"wp:term":[{"taxonomy":"category","embeddable":true,"href":"https:\/\/futbolhoy.co\/index.php\/wp-json\/wp\/v2\/categories?post=100297"},{"taxonomy":"post_tag","embeddable":true,"href":"https:\/\/futbolhoy.co\/index.php\/wp-json\/wp\/v2\/tags?post=100297"}],"curies":[{"name":"wp","href":"https:\/\/api.w.org\/{rel}","templated":true}]}}