{"id":100304,"date":"2023-10-20T09:54:08","date_gmt":"2023-10-20T14:54:08","guid":{"rendered":"https:\/\/futbolhoy.co\/?p=100304"},"modified":"2023-10-20T22:38:38","modified_gmt":"2023-10-21T03:38:38","slug":"torino-confirma-lesion-de-duvan-zapata","status":"publish","type":"post","link":"https:\/\/futbolhoy.co\/index.php\/2023\/10\/20\/torino-confirma-lesion-de-duvan-zapata\/","title":{"rendered":"Torino confirma lesi\u00f3n de Duv\u00e1n Zapata"},"content":{"rendered":"<p style=\"text-align: justify;\"><span style=\"font-family: helvetica, arial, sans-serif;\"><strong>Duv\u00e1n Zapata<\/strong> ha tenido un buen inicio de temporada con el <strong>Torino<\/strong>, club al que lleg\u00f3 en los \u00faltimos d\u00edas del mercado tras dejar al Atalanta. Sin embargo, el conjunto de Tur\u00edn ha comunicado una lesi\u00f3n que sufre el delantero colombiano.<\/span><\/p>\n<p style=\"text-align: justify;\"><span style=\"font-family: helvetica, arial, sans-serif;\">\u201cDuv\u00e1n Zapata ha presentado un traumatismo prolongado en el recto femoral izquierdo. El pron\u00f3stico ser\u00e1 definitivo seg\u00fan la evoluci\u00f3n cl\u00ednica\u201d, inform\u00f3 el club a trav\u00e9s de redes sociales.<\/span><\/p>\n<p style=\"text-align: justify;\"><span style=\"font-family: helvetica, arial, sans-serif;\">Al tratarse de una molestia muscular, no indicaron el tiempo de baja que estar\u00e1 el delantero de 32 a\u00f1os. Lo que s\u00ed es seguro es que se perder\u00e1 el partido ante el <strong>Inter de Mil\u00e1n<\/strong> del pr\u00f3ximo fin de semana.<\/span><\/p>\n<p style=\"text-align: justify;\"><span style=\"font-family: helvetica, arial, sans-serif;\">Zapata sufre su primera lesi\u00f3n con el Torino, club para el que ha disputado seis partidos y ha anotado un gol.<\/span><\/p>\n","protected":false},"excerpt":{"rendered":"<p>Duv\u00e1n Zapata ha tenido un buen inicio de temporada con el Torino, club al que lleg\u00f3 en los \u00faltimos d\u00edas del mercado tras dejar al Atalanta. Sin embargo, el conjunto de Tur\u00edn ha comunicado una lesi\u00f3n que sufre el delantero colombiano. \u201cDuv\u00e1n Zapata ha presentado un traumatismo prolongado en el recto femoral izquierdo. El pron\u00f3stico [&hellip;]<\/p>\n","protected":false},"author":4,"featured_media":100305,"comment_status":"open","ping_status":"closed","sticky":false,"template":"","format":"standard","meta":{"_acf_changed":false,"footnotes":""},"categories":[418],"tags":[],"class_list":{"0":"post-100304","1":"post","2":"type-post","3":"status-publish","4":"format-standard","5":"has-post-thumbnail","7":"category-colombia"},"acf":[],"_links":{"self":[{"href":"https:\/\/futbolhoy.co\/index.php\/wp-json\/wp\/v2\/posts\/100304","targetHints":{"allow":["GET"]}}],"collection":[{"href":"https:\/\/futbolhoy.co\/index.php\/wp-json\/wp\/v2\/posts"}],"about":[{"href":"https:\/\/futbolhoy.co\/index.php\/wp-json\/wp\/v2\/types\/post"}],"author":[{"embeddable":true,"href":"https:\/\/futbolhoy.co\/index.php\/wp-json\/wp\/v2\/users\/4"}],"replies":[{"embeddable":true,"href":"https:\/\/futbolhoy.co\/index.php\/wp-json\/wp\/v2\/comments?post=100304"}],"version-history":[{"count":1,"href":"https:\/\/futbolhoy.co\/index.php\/wp-json\/wp\/v2\/posts\/100304\/revisions"}],"predecessor-version":[{"id":100306,"href":"https:\/\/futbolhoy.co\/index.php\/wp-json\/wp\/v2\/posts\/100304\/revisions\/100306"}],"wp:featuredmedia":[{"embeddable":true,"href":"https:\/\/futbolhoy.co\/index.php\/wp-json\/wp\/v2\/media\/100305"}],"wp:attachment":[{"href":"https:\/\/futbolhoy.co\/index.php\/wp-json\/wp\/v2\/media?parent=100304"}],"wp:term":[{"taxonomy":"category","embeddable":true,"href":"https:\/\/futbolhoy.co\/index.php\/wp-json\/wp\/v2\/categories?post=100304"},{"taxonomy":"post_tag","embeddable":true,"href":"https:\/\/futbolhoy.co\/index.php\/wp-json\/wp\/v2\/tags?post=100304"}],"curies":[{"name":"wp","href":"https:\/\/api.w.org\/{rel}","templated":true}]}}