{"id":10032,"date":"2017-11-22T06:08:12","date_gmt":"2017-11-22T11:08:12","guid":{"rendered":"http:\/\/futbolhoy.co\/?p=10032"},"modified":"2017-11-22T11:19:24","modified_gmt":"2017-11-22T16:19:24","slug":"renuncio-tecnico-de-australia-clasificada-al-mundial","status":"publish","type":"post","link":"https:\/\/futbolhoy.co\/index.php\/2017\/11\/22\/renuncio-tecnico-de-australia-clasificada-al-mundial\/","title":{"rendered":"Renunci\u00f3 t\u00e9cnico de Australia, clasificada al Mundial"},"content":{"rendered":"<p style=\"font-weight: 400; text-align: justify;\">El t\u00e9cnico <strong>Ange Postecoglou<\/strong> dimiti\u00f3 como seleccionador de <strong>Australia<\/strong>, despu\u00e9s de la clasificaci\u00f3n del combinado al <strong>Mundial de Rusia<\/strong> 2018 y a pesar de tener contrato hasta la finalizaci\u00f3n de \u00e9ste.<\/p>\n<p>\u00abHa sido una decisi\u00f3n muy dura para m\u00ed y ha sido un privilegio poder entrenar a la selecci\u00f3n. Con gran pesar de mi coraz\u00f3n debo terminar este viaje\u00bb, sostuvo.<\/p>\n<p style=\"font-weight: 400; text-align: justify;\">\u00abAhora es el momento adecuado para pasarle esta responsabilidad a alguien que tenga la energ\u00eda que esto requiere\u00bb, puntualiz\u00f3 el entrenador.<\/p>\n","protected":false},"excerpt":{"rendered":"<p>El t\u00e9cnico Ange Postecoglou dimiti\u00f3 como seleccionador de Australia, despu\u00e9s de la clasificaci\u00f3n del combinado al Mundial de Rusia 2018 y a pesar de tener contrato hasta la finalizaci\u00f3n de \u00e9ste. \u00abHa sido una decisi\u00f3n muy dura para m\u00ed y ha sido un privilegio poder entrenar a la selecci\u00f3n. Con gran pesar de mi coraz\u00f3n [&hellip;]<\/p>\n","protected":false},"author":5,"featured_media":10041,"comment_status":"open","ping_status":"closed","sticky":false,"template":"","format":"standard","meta":{"_acf_changed":false,"footnotes":""},"categories":[5,6],"tags":[469,265,468],"class_list":{"0":"post-10032","1":"post","2":"type-post","3":"status-publish","4":"format-standard","5":"has-post-thumbnail","7":"category-destacados","8":"category-mundial","9":"tag-ange-postecouglu","10":"tag-mundial-2018","11":"tag-seleccion-australiana"},"acf":[],"_links":{"self":[{"href":"https:\/\/futbolhoy.co\/index.php\/wp-json\/wp\/v2\/posts\/10032","targetHints":{"allow":["GET"]}}],"collection":[{"href":"https:\/\/futbolhoy.co\/index.php\/wp-json\/wp\/v2\/posts"}],"about":[{"href":"https:\/\/futbolhoy.co\/index.php\/wp-json\/wp\/v2\/types\/post"}],"author":[{"embeddable":true,"href":"https:\/\/futbolhoy.co\/index.php\/wp-json\/wp\/v2\/users\/5"}],"replies":[{"embeddable":true,"href":"https:\/\/futbolhoy.co\/index.php\/wp-json\/wp\/v2\/comments?post=10032"}],"version-history":[{"count":2,"href":"https:\/\/futbolhoy.co\/index.php\/wp-json\/wp\/v2\/posts\/10032\/revisions"}],"predecessor-version":[{"id":10042,"href":"https:\/\/futbolhoy.co\/index.php\/wp-json\/wp\/v2\/posts\/10032\/revisions\/10042"}],"wp:featuredmedia":[{"embeddable":true,"href":"https:\/\/futbolhoy.co\/index.php\/wp-json\/wp\/v2\/media\/10041"}],"wp:attachment":[{"href":"https:\/\/futbolhoy.co\/index.php\/wp-json\/wp\/v2\/media?parent=10032"}],"wp:term":[{"taxonomy":"category","embeddable":true,"href":"https:\/\/futbolhoy.co\/index.php\/wp-json\/wp\/v2\/categories?post=10032"},{"taxonomy":"post_tag","embeddable":true,"href":"https:\/\/futbolhoy.co\/index.php\/wp-json\/wp\/v2\/tags?post=10032"}],"curies":[{"name":"wp","href":"https:\/\/api.w.org\/{rel}","templated":true}]}}