{"id":100352,"date":"2023-10-21T21:53:10","date_gmt":"2023-10-22T02:53:10","guid":{"rendered":"https:\/\/futbolhoy.co\/?p=100352"},"modified":"2023-10-22T18:16:02","modified_gmt":"2023-10-22T23:16:02","slug":"corinthians-campeon-de-la-libertadores-femenina-por-cuarta-vez","status":"publish","type":"post","link":"https:\/\/futbolhoy.co\/index.php\/2023\/10\/21\/corinthians-campeon-de-la-libertadores-femenina-por-cuarta-vez\/","title":{"rendered":"Corinthians, campe\u00f3n de la Libertadores Femenina por cuarta vez"},"content":{"rendered":"<p style=\"text-align: justify;\"><span style=\"font-family: helvetica, arial, sans-serif;\"><strong>Corinthians<\/strong> se qued\u00f3 con el t\u00edtulo de la <strong>Copa Libertadores Femenina<\/strong> luego de vencer en la final a Palmeiras, defensor del torneo, por la m\u00ednima diferencia(0-1).<\/span><\/p>\n<p style=\"text-align: justify;\"><span style=\"font-family: helvetica, arial, sans-serif;\">El equipo <strong>Timao<\/strong> desperdici\u00f3 un penal al 17&#8242; tras el cobro de <strong>Victoria Albuquerque,<\/strong> pero se repuso y pudo encontrar la anotaci\u00f3n de la victoria.<\/span><\/p>\n<p style=\"text-align: justify;\"><span style=\"font-family: helvetica, arial, sans-serif;\">El gol que signific\u00f3 el campeonato lo marc\u00f3 <strong>Millene<\/strong> sobre el minuto 30 luego de que quedara una pelota viva en el \u00e1rea tras el centro desde la derecha. La delantera, de pierna izquierda sac\u00f3 el remate que venci\u00f3 a la arquera <strong>Amanda Souza.<\/strong><\/span><\/p>\n<p style=\"text-align: justify;\"><span style=\"font-family: helvetica, arial, sans-serif;\">Con este gol, Corinthians logr\u00f3 su cuarto campeonato de la <strong>Copa Libertadores,<\/strong> luego de los logrados en el 2017, 2019 y 2021.<\/span><\/p>\n","protected":false},"excerpt":{"rendered":"<p>Corinthians se qued\u00f3 con el t\u00edtulo de la Copa Libertadores Femenina luego de vencer en la final a Palmeiras, defensor del torneo, por la m\u00ednima diferencia(0-1). El equipo Timao desperdici\u00f3 un penal al 17&#8242; tras el cobro de Victoria Albuquerque, pero se repuso y pudo encontrar la anotaci\u00f3n de la victoria. El gol que signific\u00f3 [&hellip;]<\/p>\n","protected":false},"author":4,"featured_media":100353,"comment_status":"open","ping_status":"closed","sticky":false,"template":"","format":"standard","meta":{"_acf_changed":false,"footnotes":""},"categories":[152],"tags":[],"class_list":{"0":"post-100352","1":"post","2":"type-post","3":"status-publish","4":"format-standard","5":"has-post-thumbnail","7":"category-mundo-futbol"},"acf":[],"_links":{"self":[{"href":"https:\/\/futbolhoy.co\/index.php\/wp-json\/wp\/v2\/posts\/100352","targetHints":{"allow":["GET"]}}],"collection":[{"href":"https:\/\/futbolhoy.co\/index.php\/wp-json\/wp\/v2\/posts"}],"about":[{"href":"https:\/\/futbolhoy.co\/index.php\/wp-json\/wp\/v2\/types\/post"}],"author":[{"embeddable":true,"href":"https:\/\/futbolhoy.co\/index.php\/wp-json\/wp\/v2\/users\/4"}],"replies":[{"embeddable":true,"href":"https:\/\/futbolhoy.co\/index.php\/wp-json\/wp\/v2\/comments?post=100352"}],"version-history":[{"count":1,"href":"https:\/\/futbolhoy.co\/index.php\/wp-json\/wp\/v2\/posts\/100352\/revisions"}],"predecessor-version":[{"id":100354,"href":"https:\/\/futbolhoy.co\/index.php\/wp-json\/wp\/v2\/posts\/100352\/revisions\/100354"}],"wp:featuredmedia":[{"embeddable":true,"href":"https:\/\/futbolhoy.co\/index.php\/wp-json\/wp\/v2\/media\/100353"}],"wp:attachment":[{"href":"https:\/\/futbolhoy.co\/index.php\/wp-json\/wp\/v2\/media?parent=100352"}],"wp:term":[{"taxonomy":"category","embeddable":true,"href":"https:\/\/futbolhoy.co\/index.php\/wp-json\/wp\/v2\/categories?post=100352"},{"taxonomy":"post_tag","embeddable":true,"href":"https:\/\/futbolhoy.co\/index.php\/wp-json\/wp\/v2\/tags?post=100352"}],"curies":[{"name":"wp","href":"https:\/\/api.w.org\/{rel}","templated":true}]}}