{"id":100390,"date":"2023-10-23T10:50:49","date_gmt":"2023-10-23T15:50:49","guid":{"rendered":"https:\/\/futbolhoy.co\/?p=100390"},"modified":"2023-10-23T17:16:37","modified_gmt":"2023-10-23T22:16:37","slug":"cuadrado-sigue-sin-recuperarse-de-lesion-tiene-una-inflamacion","status":"publish","type":"post","link":"https:\/\/futbolhoy.co\/index.php\/2023\/10\/23\/cuadrado-sigue-sin-recuperarse-de-lesion-tiene-una-inflamacion\/","title":{"rendered":"Cuadrado sigue sin recuperarse de lesi\u00f3n: \u00abtiene una inflamaci\u00f3n\u00bb"},"content":{"rendered":"<p style=\"text-align: justify;\"><span style=\"font-family: helvetica, arial, sans-serif;\"><strong>Juan Guillermo Cuadrado<\/strong> no se ha podido recuperar de la lesi\u00f3n con la que lleg\u00f3 a la primera fecha <strong>FIFA<\/strong> de la <strong>Selecci\u00f3n Colombia<\/strong> en las<strong> Eliminatorias. Inter de Mil\u00e1n<\/strong> esperaba poderlo recuperar para el duelo de Champions ante el Salazburgo, pero finalmente qued\u00f3 descartado.<\/span><\/p>\n<p style=\"text-align: justify;\"><span style=\"font-family: helvetica, arial, sans-serif;\">El entrenador del club, <strong>Simone Inzagui,<\/strong> habl\u00f3 al respecto de la situaci\u00f3n del colombiano y aclar\u00f3 que tiene una inflamaci\u00f3n que impide que haga trabajos de campo.<\/span><\/p>\n<p style=\"text-align: justify;\"><span style=\"font-family: helvetica, arial, sans-serif;\">\u00abDe momento nos falta Cuadrado que hab\u00eda hecho el primer mes muy pero muy bien y luego tuvo esta inflamaci\u00f3n que no lo deja trabajar como quisiera. Por suerte <strong>Darmian<\/strong> est\u00e1 ah\u00ed. Para darle un respiro a <strong>Dumfries\u201d,<\/strong> manifest\u00f3 en rueda de prensa.<\/span><\/p>\n<p style=\"text-align: justify;\"><span style=\"font-family: helvetica, arial, sans-serif;\">El futbolista de 35 a\u00f1os ha disputado cuatro partidos en Inter, pero ninguno ha sido titular. Cuando se pensaba que se hab\u00eda recuperado, recay\u00f3 en su lesi\u00f3n y ahora el tiempo de rehabilitaci\u00f3n es incierto, pues desde Italia aseguran que se trata de una inflamaci\u00f3n que puede ser peligrosa si no se le da el manejo adecuado.<\/span><\/p>\n","protected":false},"excerpt":{"rendered":"<p>Juan Guillermo Cuadrado no se ha podido recuperar de la lesi\u00f3n con la que lleg\u00f3 a la primera fecha FIFA de la Selecci\u00f3n Colombia en las Eliminatorias. Inter de Mil\u00e1n esperaba poderlo recuperar para el duelo de Champions ante el Salazburgo, pero finalmente qued\u00f3 descartado. El entrenador del club, Simone Inzagui, habl\u00f3 al respecto de [&hellip;]<\/p>\n","protected":false},"author":4,"featured_media":100391,"comment_status":"open","ping_status":"closed","sticky":false,"template":"","format":"standard","meta":{"_acf_changed":false,"footnotes":""},"categories":[418],"tags":[],"class_list":{"0":"post-100390","1":"post","2":"type-post","3":"status-publish","4":"format-standard","5":"has-post-thumbnail","7":"category-colombia"},"acf":[],"_links":{"self":[{"href":"https:\/\/futbolhoy.co\/index.php\/wp-json\/wp\/v2\/posts\/100390","targetHints":{"allow":["GET"]}}],"collection":[{"href":"https:\/\/futbolhoy.co\/index.php\/wp-json\/wp\/v2\/posts"}],"about":[{"href":"https:\/\/futbolhoy.co\/index.php\/wp-json\/wp\/v2\/types\/post"}],"author":[{"embeddable":true,"href":"https:\/\/futbolhoy.co\/index.php\/wp-json\/wp\/v2\/users\/4"}],"replies":[{"embeddable":true,"href":"https:\/\/futbolhoy.co\/index.php\/wp-json\/wp\/v2\/comments?post=100390"}],"version-history":[{"count":1,"href":"https:\/\/futbolhoy.co\/index.php\/wp-json\/wp\/v2\/posts\/100390\/revisions"}],"predecessor-version":[{"id":100392,"href":"https:\/\/futbolhoy.co\/index.php\/wp-json\/wp\/v2\/posts\/100390\/revisions\/100392"}],"wp:featuredmedia":[{"embeddable":true,"href":"https:\/\/futbolhoy.co\/index.php\/wp-json\/wp\/v2\/media\/100391"}],"wp:attachment":[{"href":"https:\/\/futbolhoy.co\/index.php\/wp-json\/wp\/v2\/media?parent=100390"}],"wp:term":[{"taxonomy":"category","embeddable":true,"href":"https:\/\/futbolhoy.co\/index.php\/wp-json\/wp\/v2\/categories?post=100390"},{"taxonomy":"post_tag","embeddable":true,"href":"https:\/\/futbolhoy.co\/index.php\/wp-json\/wp\/v2\/tags?post=100390"}],"curies":[{"name":"wp","href":"https:\/\/api.w.org\/{rel}","templated":true}]}}