{"id":100396,"date":"2023-10-23T14:07:53","date_gmt":"2023-10-23T19:07:53","guid":{"rendered":"https:\/\/futbolhoy.co\/?p=100396"},"modified":"2023-10-23T22:08:25","modified_gmt":"2023-10-24T03:08:25","slug":"colombia-sub-23-se-estrena-con-triunfo-en-los-juegos-panamericanos","status":"publish","type":"post","link":"https:\/\/futbolhoy.co\/index.php\/2023\/10\/23\/colombia-sub-23-se-estrena-con-triunfo-en-los-juegos-panamericanos\/","title":{"rendered":"Colombia Sub-23 se estrena con triunfo en los Juegos Panamericanos"},"content":{"rendered":"<p style=\"text-align: justify;\"><span style=\"font-family: helvetica, arial, sans-serif;\">La <strong>Selecci\u00f3n Colombia Sub-23<\/strong> se impuso 2-0 ante su similar de <strong>Honduras<\/strong> en el primer partido de los <strong>Juegos Panamericanos de Santiago de Chile.<\/strong><\/span><\/p>\n<p style=\"text-align: justify;\"><span style=\"font-family: helvetica, arial, sans-serif;\">El equipo de <strong>H\u00e9ctor C\u00e1rdenas<\/strong> dej\u00f3 buenas sensaciones y fue <strong>Daniel Ruiz<\/strong> el encargado de poner el primero sobre 18 minutos con cierta responsabilidad del arquero.<\/span><\/p>\n<p style=\"text-align: justify;\"><span style=\"font-family: helvetica, arial, sans-serif;\">Sobre el final del primer tiempo <strong>Carlos Cort\u00e9s<\/strong> marc\u00f3 el segundo luego de anticipar un centro de <strong>Brahian Palacios<\/strong> al 41&#8242;. En el complemento, el entrenador de la H, <strong>Bernardo Red\u00edn,<\/strong> vio la cartulina roja.<\/span><\/p>\n<p style=\"text-align: justify;\"><span style=\"font-family: helvetica, arial, sans-serif;\">Colombia disputar\u00e1 su segundo partido de la fase de grupos ante Brasil el pr\u00f3ximo jueves 24 de octubre y cerrar\u00e1 ante <strong>Estados Unidos el domingo 29.<\/strong><\/span><\/p>\n","protected":false},"excerpt":{"rendered":"<p>La Selecci\u00f3n Colombia Sub-23 se impuso 2-0 ante su similar de Honduras en el primer partido de los Juegos Panamericanos de Santiago de Chile. El equipo de H\u00e9ctor C\u00e1rdenas dej\u00f3 buenas sensaciones y fue Daniel Ruiz el encargado de poner el primero sobre 18 minutos con cierta responsabilidad del arquero. Sobre el final del primer [&hellip;]<\/p>\n","protected":false},"author":4,"featured_media":100397,"comment_status":"open","ping_status":"closed","sticky":false,"template":"","format":"standard","meta":{"_acf_changed":false,"footnotes":""},"categories":[418],"tags":[],"class_list":{"0":"post-100396","1":"post","2":"type-post","3":"status-publish","4":"format-standard","5":"has-post-thumbnail","7":"category-colombia"},"acf":[],"_links":{"self":[{"href":"https:\/\/futbolhoy.co\/index.php\/wp-json\/wp\/v2\/posts\/100396","targetHints":{"allow":["GET"]}}],"collection":[{"href":"https:\/\/futbolhoy.co\/index.php\/wp-json\/wp\/v2\/posts"}],"about":[{"href":"https:\/\/futbolhoy.co\/index.php\/wp-json\/wp\/v2\/types\/post"}],"author":[{"embeddable":true,"href":"https:\/\/futbolhoy.co\/index.php\/wp-json\/wp\/v2\/users\/4"}],"replies":[{"embeddable":true,"href":"https:\/\/futbolhoy.co\/index.php\/wp-json\/wp\/v2\/comments?post=100396"}],"version-history":[{"count":1,"href":"https:\/\/futbolhoy.co\/index.php\/wp-json\/wp\/v2\/posts\/100396\/revisions"}],"predecessor-version":[{"id":100398,"href":"https:\/\/futbolhoy.co\/index.php\/wp-json\/wp\/v2\/posts\/100396\/revisions\/100398"}],"wp:featuredmedia":[{"embeddable":true,"href":"https:\/\/futbolhoy.co\/index.php\/wp-json\/wp\/v2\/media\/100397"}],"wp:attachment":[{"href":"https:\/\/futbolhoy.co\/index.php\/wp-json\/wp\/v2\/media?parent=100396"}],"wp:term":[{"taxonomy":"category","embeddable":true,"href":"https:\/\/futbolhoy.co\/index.php\/wp-json\/wp\/v2\/categories?post=100396"},{"taxonomy":"post_tag","embeddable":true,"href":"https:\/\/futbolhoy.co\/index.php\/wp-json\/wp\/v2\/tags?post=100396"}],"curies":[{"name":"wp","href":"https:\/\/api.w.org\/{rel}","templated":true}]}}