{"id":100551,"date":"2023-10-28T21:05:58","date_gmt":"2023-10-29T02:05:58","guid":{"rendered":"https:\/\/futbolhoy.co\/?p=100551"},"modified":"2023-10-29T18:27:40","modified_gmt":"2023-10-29T23:27:40","slug":"grave-noticia-secuestraron-a-los-papas-de-luis-diaz-en-la-guajira","status":"publish","type":"post","link":"https:\/\/futbolhoy.co\/index.php\/2023\/10\/28\/grave-noticia-secuestraron-a-los-papas-de-luis-diaz-en-la-guajira\/","title":{"rendered":"Grave noticia: Secuestraron a los pap\u00e1s de Luis D\u00edaz en La Guajira"},"content":{"rendered":"<p style=\"font-weight: 400; text-align: justify;\"><span style=\"font-family: helvetica, arial, sans-serif;\"><span style=\"font-weight: 400;\">Una <\/span><b>grave situaci\u00f3n<\/b><span style=\"font-weight: 400;\"> se conoci\u00f3 este s\u00e1bado: los pap\u00e1s de Luis D\u00edaz fueron secuestrados en Barrancas, La Guajira. El <\/span><b>Gaula de la Polic\u00eda<\/b><span style=\"font-weight: 400;\"> activ\u00f3 de inmediato un plan candado en la zona para dar con el paradero de los padres del jugador del Liverpool.\u00a0<\/span><\/span><\/p>\n<p style=\"font-weight: 400; text-align: justify;\"><span style=\"font-family: helvetica, arial, sans-serif;\"><b>Minutos despu\u00e9s de conocerse el lamentable hecho<\/b><span style=\"font-weight: 400;\">, la Polic\u00eda Nacional confirm\u00f3 que la madre del futbolista fue rescatada, entre tanto se mantiene la operaci\u00f3n candado para dar con el paradero del padre.\u00a0<\/span><\/span><\/p>\n<p style=\"font-weight: 400; text-align: justify;\"><span style=\"font-family: helvetica, arial, sans-serif;\"><span style=\"font-weight: 400;\">Seg\u00fan informaci\u00f3n preliminar, hombres armados en moto los increparon en <\/span><b>Barrancas<\/b><span style=\"font-weight: 400;\"> y los secuestraron llev\u00e1ndoselos en la misma camioneta en la que se <\/span><b>movilizaban<\/b><span style=\"font-weight: 400;\">.\u00a0<\/span><\/span><\/p>\n<p style=\"font-weight: 400; text-align: justify;\"><span style=\"font-family: helvetica, arial, sans-serif;\"><span style=\"font-weight: 400;\">\u201cLa <\/span><b>Federaci\u00f3n Colombiana de F\u00fatbol<\/b><span style=\"font-weight: 400;\"> rechaza la situaci\u00f3n de seguridad que atraviesan los padres de nuestro jugador Luis D\u00edaz. Desde la FCF nos solidarizamos con \u00e9l y toda su familia y hacemos un llamado para que las autoridades pertinentes act\u00faen con la mayor celeridad posible<\/span><b> para resolver la situaci\u00f3n<\/b><span style=\"font-weight: 400;\">\u201d, anunci\u00f3 la Federaci\u00f3n a trav\u00e9s de sus redes sociales\u00a0<\/span><\/span><\/p>\n","protected":false},"excerpt":{"rendered":"<p>Una grave situaci\u00f3n se conoci\u00f3 este s\u00e1bado: los pap\u00e1s de Luis D\u00edaz fueron secuestrados en Barrancas, La Guajira. El Gaula de la Polic\u00eda activ\u00f3 de inmediato un plan candado en la zona para dar con el paradero de los padres del jugador del Liverpool.\u00a0 Minutos despu\u00e9s de conocerse el lamentable hecho, la Polic\u00eda Nacional confirm\u00f3 [&hellip;]<\/p>\n","protected":false},"author":4,"featured_media":100552,"comment_status":"open","ping_status":"closed","sticky":false,"template":"","format":"standard","meta":{"_acf_changed":false,"footnotes":""},"categories":[418],"tags":[],"class_list":{"0":"post-100551","1":"post","2":"type-post","3":"status-publish","4":"format-standard","5":"has-post-thumbnail","7":"category-colombia"},"acf":[],"_links":{"self":[{"href":"https:\/\/futbolhoy.co\/index.php\/wp-json\/wp\/v2\/posts\/100551","targetHints":{"allow":["GET"]}}],"collection":[{"href":"https:\/\/futbolhoy.co\/index.php\/wp-json\/wp\/v2\/posts"}],"about":[{"href":"https:\/\/futbolhoy.co\/index.php\/wp-json\/wp\/v2\/types\/post"}],"author":[{"embeddable":true,"href":"https:\/\/futbolhoy.co\/index.php\/wp-json\/wp\/v2\/users\/4"}],"replies":[{"embeddable":true,"href":"https:\/\/futbolhoy.co\/index.php\/wp-json\/wp\/v2\/comments?post=100551"}],"version-history":[{"count":1,"href":"https:\/\/futbolhoy.co\/index.php\/wp-json\/wp\/v2\/posts\/100551\/revisions"}],"predecessor-version":[{"id":100553,"href":"https:\/\/futbolhoy.co\/index.php\/wp-json\/wp\/v2\/posts\/100551\/revisions\/100553"}],"wp:featuredmedia":[{"embeddable":true,"href":"https:\/\/futbolhoy.co\/index.php\/wp-json\/wp\/v2\/media\/100552"}],"wp:attachment":[{"href":"https:\/\/futbolhoy.co\/index.php\/wp-json\/wp\/v2\/media?parent=100551"}],"wp:term":[{"taxonomy":"category","embeddable":true,"href":"https:\/\/futbolhoy.co\/index.php\/wp-json\/wp\/v2\/categories?post=100551"},{"taxonomy":"post_tag","embeddable":true,"href":"https:\/\/futbolhoy.co\/index.php\/wp-json\/wp\/v2\/tags?post=100551"}],"curies":[{"name":"wp","href":"https:\/\/api.w.org\/{rel}","templated":true}]}}