{"id":100557,"date":"2023-10-29T06:00:21","date_gmt":"2023-10-29T11:00:21","guid":{"rendered":"https:\/\/futbolhoy.co\/?p=100557"},"modified":"2023-10-29T18:48:33","modified_gmt":"2023-10-29T23:48:33","slug":"las-palabras-del-liverpool-sobre-el-secuestro-de-padre-de-luis-diaz","status":"publish","type":"post","link":"https:\/\/futbolhoy.co\/index.php\/2023\/10\/29\/las-palabras-del-liverpool-sobre-el-secuestro-de-padre-de-luis-diaz\/","title":{"rendered":"Las palabras del Liverpool sobre el secuestro de padre de Luis D\u00edaz"},"content":{"rendered":"<p style=\"font-weight: 400; text-align: justify;\"><span style=\"font-family: helvetica, arial, sans-serif;\"><span style=\"font-weight: 400;\">La lamentable situaci\u00f3n que atraviesa Luis D\u00edaz a la distancia en <\/span><b>Colombia<\/b><span style=\"font-weight: 400;\"> tiene a la <\/span><b>Polic\u00eda Nacional<\/b><span style=\"font-weight: 400;\"> en alerta. El pap\u00e1 del jugador sigue secuestrado tras ser interceptado junto a la mam\u00e1 del futbolista en <\/span><b>Barrancas, La Guajira<\/b><span style=\"font-weight: 400;\">, por lo que el club ingl\u00e9s se pronunci\u00f3 oficialmente si te los hechos de violencia.\u00a0<\/span><\/span><\/p>\n<p style=\"font-weight: 400; text-align: justify;\"><span style=\"font-family: helvetica, arial, sans-serif;\"><b>El club ingl\u00e9s<\/b><span style=\"font-weight: 400;\"> asegur\u00f3 que estaba al tanto de la situaci\u00f3n en Colombia, a la vez que destac\u00f3 que el bienestar de Luis D\u00edaz ser\u00e1 la prioridad en este momento.\u00a0<\/span><\/span><\/p>\n<p style=\"font-weight: 400; text-align: justify;\"><span style=\"font-family: helvetica, arial, sans-serif;\"><span style=\"font-weight: 400;\">\u201cEl <\/span><b>Liverpool Football Club <\/b><span style=\"font-weight: 400;\">puede confirmar que est\u00e1 al tanto de una situaci\u00f3n en curso que involucra a la familia de Luis D\u00edaz en Colombia. Esperamos fervientemente que el asunto se resuelva de forma segura y lo antes posible. Mientras tanto, el bienestar del jugador seguir\u00e1 siendo nuestra prioridad inmediata\u201d, dijo Liverpool.\u00a0<\/span><\/span><\/p>\n<p style=\"font-weight: 400; text-align: justify;\"><span style=\"font-family: helvetica, arial, sans-serif;\"><span style=\"font-weight: 400;\">Los padres de Luis D\u00edaz fueron increpados en la camioneta en la que se movilizaban, presuntamente por hombres en moto armados. La madre del jugador, Cilenis Marulanda, logr\u00f3 ser rescatada minutos despu\u00e9s del lamentable hecho, pero hasta la hora el se\u00f1or <\/span><b>Luis Manuel D\u00edaz, padre de Lucho, contin\u00faa en manos de sus raptores.\u00a0<\/b><\/span><\/p>\n","protected":false},"excerpt":{"rendered":"<p>La lamentable situaci\u00f3n que atraviesa Luis D\u00edaz a la distancia en Colombia tiene a la Polic\u00eda Nacional en alerta. El pap\u00e1 del jugador sigue secuestrado tras ser interceptado junto a la mam\u00e1 del futbolista en Barrancas, La Guajira, por lo que el club ingl\u00e9s se pronunci\u00f3 oficialmente si te los hechos de violencia.\u00a0 El club [&hellip;]<\/p>\n","protected":false},"author":4,"featured_media":100558,"comment_status":"open","ping_status":"closed","sticky":false,"template":"","format":"standard","meta":{"_acf_changed":false,"footnotes":""},"categories":[418],"tags":[],"class_list":{"0":"post-100557","1":"post","2":"type-post","3":"status-publish","4":"format-standard","5":"has-post-thumbnail","7":"category-colombia"},"acf":[],"_links":{"self":[{"href":"https:\/\/futbolhoy.co\/index.php\/wp-json\/wp\/v2\/posts\/100557","targetHints":{"allow":["GET"]}}],"collection":[{"href":"https:\/\/futbolhoy.co\/index.php\/wp-json\/wp\/v2\/posts"}],"about":[{"href":"https:\/\/futbolhoy.co\/index.php\/wp-json\/wp\/v2\/types\/post"}],"author":[{"embeddable":true,"href":"https:\/\/futbolhoy.co\/index.php\/wp-json\/wp\/v2\/users\/4"}],"replies":[{"embeddable":true,"href":"https:\/\/futbolhoy.co\/index.php\/wp-json\/wp\/v2\/comments?post=100557"}],"version-history":[{"count":1,"href":"https:\/\/futbolhoy.co\/index.php\/wp-json\/wp\/v2\/posts\/100557\/revisions"}],"predecessor-version":[{"id":100559,"href":"https:\/\/futbolhoy.co\/index.php\/wp-json\/wp\/v2\/posts\/100557\/revisions\/100559"}],"wp:featuredmedia":[{"embeddable":true,"href":"https:\/\/futbolhoy.co\/index.php\/wp-json\/wp\/v2\/media\/100558"}],"wp:attachment":[{"href":"https:\/\/futbolhoy.co\/index.php\/wp-json\/wp\/v2\/media?parent=100557"}],"wp:term":[{"taxonomy":"category","embeddable":true,"href":"https:\/\/futbolhoy.co\/index.php\/wp-json\/wp\/v2\/categories?post=100557"},{"taxonomy":"post_tag","embeddable":true,"href":"https:\/\/futbolhoy.co\/index.php\/wp-json\/wp\/v2\/tags?post=100557"}],"curies":[{"name":"wp","href":"https:\/\/api.w.org\/{rel}","templated":true}]}}