{"id":100572,"date":"2023-10-29T10:14:02","date_gmt":"2023-10-29T15:14:02","guid":{"rendered":"https:\/\/futbolhoy.co\/?p=100572"},"modified":"2023-10-30T15:40:22","modified_gmt":"2023-10-30T20:40:22","slug":"klopp-hablo-sobre-el-secuestro-del-papa-de-luis-diaz-es-duro-para-todos-en-liverpool","status":"publish","type":"post","link":"https:\/\/futbolhoy.co\/index.php\/2023\/10\/29\/klopp-hablo-sobre-el-secuestro-del-papa-de-luis-diaz-es-duro-para-todos-en-liverpool\/","title":{"rendered":"Klopp habl\u00f3 sobre el secuestro del pap\u00e1 de Luis D\u00edaz: \u00abEs duro para todos en Liverpool\u00bb"},"content":{"rendered":"<p style=\"text-align: justify;\"><span style=\"font-family: helvetica, arial, sans-serif;\"><b>El t\u00e9cnico del Liverpool, Jurgen Klopp<\/b><span style=\"font-weight: 400;\">, se refiri\u00f3 al lamentable hecho de violencia que est\u00e1 atravesando la familia de Luis D\u00edaz, en medio del secuestro de su padre, Luis Manuel D\u00edaz, y por el que las autoridades colombianas est\u00e1n en bloque de b\u00fasqueda para dar con su paradero.<\/span><\/span><\/p>\n<p style=\"text-align: justify;\"><span style=\"font-family: helvetica, arial, sans-serif;\"><span style=\"font-weight: 400;\">Liverpool se enfrentaba este domingo ante Nottingham Forest por la d\u00e9cima jornada de la Premier League y el t\u00e9cnico del equipo confirm\u00f3 que tuvo que realizar cambios por la <\/span><b>situaci\u00f3n que atraviesa Luis D\u00edaz, <\/b><span style=\"font-weight: 400;\">a quien evidentemente dej\u00f3 al margen del partido.<\/span><\/span><\/p>\n<p style=\"text-align: justify;\"><span style=\"font-family: helvetica, arial, sans-serif;\"><span style=\"font-weight: 400;\">\u201cTuvimos que hacer un cambio repentino por cuenta de la situaci\u00f3n privada de Luis D\u00edaz, la cual es por supuesto dura para todos nosotros. En verdad fue una noche <\/span><b>muy dif\u00edcil, para ser honesto\u00bb, dijo Klopp.<\/b><\/span><\/p>\n<p style=\"text-align: justify;\"><span style=\"font-weight: 400; font-family: helvetica, arial, sans-serif;\">El alem\u00e1n lament\u00f3 el momento que atraviesa la familia D\u00edaz y confes\u00f3 que nunca hab\u00eda pasado por algo <strong>similar en toda su carrera.<\/strong><\/span><\/p>\n<p style=\"text-align: justify;\"><span style=\"font-family: helvetica, arial, sans-serif;\"><span style=\"font-weight: 400;\">\u00abLo bueno es que estamos aqu\u00ed y tenemos que concentrarnos en el f\u00fatbol y eso haremos. Sin embargo, s\u00ed fue una preparaci\u00f3n muy especial. Nunca me hab\u00eda tocado antes algo as\u00ed y<\/span><b> es una experiencia que no hubiera deseado tener\u201d, <\/b><span style=\"font-weight: 400;\">dijo.<\/span><\/span><\/p>\n<blockquote class=\"twitter-tweet\">\n<p dir=\"ltr\" lang=\"es\">\ud83d\udea8 \u00a1KLOPP SE MANIFIESTA AL RESPECTO!<\/p>\n<p>El entrenador de <a href=\"https:\/\/twitter.com\/LFC?ref_src=twsrc%5Etfw\">@LFC<\/a> habla sobre la situaci\u00f3n de los padres de Luis D\u00edaz \ud83c\udde8\ud83c\uddf4<\/p>\n<p>El colombiano no fue convocado para el duelo ante <a href=\"https:\/\/twitter.com\/NFFC?ref_src=twsrc%5Etfw\">@NFFC<\/a>, aqu\u00ed las palabras de J\u00fcrgen \ud83c\udfa5\ud83d\udc47<a href=\"https:\/\/twitter.com\/hashtag\/LigaPremierTD?src=hash&amp;ref_src=twsrc%5Etfw\">#LigaPremierTD<\/a> <a href=\"https:\/\/t.co\/28COe73cti\">pic.twitter.com\/28COe73cti<\/a><\/p>\n<p>\u2014 Telemundo Deportes (@TelemundoSports) <a href=\"https:\/\/twitter.com\/TelemundoSports\/status\/1718619989652234508?ref_src=twsrc%5Etfw\">October 29, 2023<\/a><\/p><\/blockquote>\n<p><script async src=\"https:\/\/platform.twitter.com\/widgets.js\" charset=\"utf-8\"><\/script><\/p>\n","protected":false},"excerpt":{"rendered":"<p>El t\u00e9cnico del Liverpool, Jurgen Klopp, se refiri\u00f3 al lamentable hecho de violencia que est\u00e1 atravesando la familia de Luis D\u00edaz, en medio del secuestro de su padre, Luis Manuel D\u00edaz, y por el que las autoridades colombianas est\u00e1n en bloque de b\u00fasqueda para dar con su paradero. Liverpool se enfrentaba este domingo ante Nottingham [&hellip;]<\/p>\n","protected":false},"author":4,"featured_media":100573,"comment_status":"open","ping_status":"closed","sticky":false,"template":"","format":"standard","meta":{"_acf_changed":false,"footnotes":""},"categories":[418],"tags":[],"class_list":{"0":"post-100572","1":"post","2":"type-post","3":"status-publish","4":"format-standard","5":"has-post-thumbnail","7":"category-colombia"},"acf":[],"_links":{"self":[{"href":"https:\/\/futbolhoy.co\/index.php\/wp-json\/wp\/v2\/posts\/100572","targetHints":{"allow":["GET"]}}],"collection":[{"href":"https:\/\/futbolhoy.co\/index.php\/wp-json\/wp\/v2\/posts"}],"about":[{"href":"https:\/\/futbolhoy.co\/index.php\/wp-json\/wp\/v2\/types\/post"}],"author":[{"embeddable":true,"href":"https:\/\/futbolhoy.co\/index.php\/wp-json\/wp\/v2\/users\/4"}],"replies":[{"embeddable":true,"href":"https:\/\/futbolhoy.co\/index.php\/wp-json\/wp\/v2\/comments?post=100572"}],"version-history":[{"count":2,"href":"https:\/\/futbolhoy.co\/index.php\/wp-json\/wp\/v2\/posts\/100572\/revisions"}],"predecessor-version":[{"id":100577,"href":"https:\/\/futbolhoy.co\/index.php\/wp-json\/wp\/v2\/posts\/100572\/revisions\/100577"}],"wp:featuredmedia":[{"embeddable":true,"href":"https:\/\/futbolhoy.co\/index.php\/wp-json\/wp\/v2\/media\/100573"}],"wp:attachment":[{"href":"https:\/\/futbolhoy.co\/index.php\/wp-json\/wp\/v2\/media?parent=100572"}],"wp:term":[{"taxonomy":"category","embeddable":true,"href":"https:\/\/futbolhoy.co\/index.php\/wp-json\/wp\/v2\/categories?post=100572"},{"taxonomy":"post_tag","embeddable":true,"href":"https:\/\/futbolhoy.co\/index.php\/wp-json\/wp\/v2\/tags?post=100572"}],"curies":[{"name":"wp","href":"https:\/\/api.w.org\/{rel}","templated":true}]}}