{"id":100579,"date":"2023-10-29T17:50:28","date_gmt":"2023-10-29T22:50:28","guid":{"rendered":"https:\/\/futbolhoy.co\/?p=100579"},"modified":"2023-10-31T16:22:08","modified_gmt":"2023-10-31T21:22:08","slug":"papa-de-luis-diaz-estaria-secuestrado-en-venezuela","status":"publish","type":"post","link":"https:\/\/futbolhoy.co\/index.php\/2023\/10\/29\/papa-de-luis-diaz-estaria-secuestrado-en-venezuela\/","title":{"rendered":"Pap\u00e1 de Luis D\u00edaz estar\u00eda secuestrado en Venezuela"},"content":{"rendered":"<p style=\"text-align: justify;\"><span style=\"font-family: helvetica, arial, sans-serif;\"><strong>La Fiscal\u00eda General de la Naci\u00f3n<\/strong> entreg\u00f3 un parte lamentable sobre el secuestro de <strong>Luis Manuel D\u00edaz<\/strong>, y es que seg\u00fan el ente, el pap\u00e1 de <strong>Luis D\u00edaz<\/strong> ya habr\u00eda sido trasladado por sus secuestradores a territorio venezolano.<\/span><\/p>\n<p style=\"text-align: justify;\"><span style=\"font-family: helvetica, arial, sans-serif;\">El general <strong>William Salamanca,<\/strong> director de la <strong>Polic\u00eda Nacional,<\/strong> asegur\u00f3 en di\u00e1logo con <strong>Caracol Radio<\/strong> que ten\u00edan informaci\u00f3n del traslado del padre del futbolista a <strong>Venezuela,<\/strong> en medio de la operaci\u00f3n que se ha adelantado en <strong>La Guajira<\/strong> para dar con su paradero.<\/span><\/p>\n<p style=\"text-align: justify;\"><span style=\"font-family: helvetica, arial, sans-serif;\">A su vez, el fiscal <strong>Francisco Barbosa<\/strong> tambi\u00e9n asegur\u00f3 este domingo que ya se tiene informaci\u00f3n de que el se\u00f1or Luis Manuel se encuentra en territorio venezolano y sus captores lo habr\u00edan trasladado por la <strong>Serran\u00eda del Perij\u00e1.<\/strong><\/span><\/p>\n<p style=\"text-align: justify;\"><span style=\"font-family: helvetica, arial, sans-serif;\">As\u00ed las cosas, las autoridades colombianas ofrecieron una recompensa de hasta 200 millones de pesos por informaci\u00f3n que d\u00e9 con el paradero del padre del jugador del Liverpool.<\/span><\/p>\n","protected":false},"excerpt":{"rendered":"<p>La Fiscal\u00eda General de la Naci\u00f3n entreg\u00f3 un parte lamentable sobre el secuestro de Luis Manuel D\u00edaz, y es que seg\u00fan el ente, el pap\u00e1 de Luis D\u00edaz ya habr\u00eda sido trasladado por sus secuestradores a territorio venezolano. El general William Salamanca, director de la Polic\u00eda Nacional, asegur\u00f3 en di\u00e1logo con Caracol Radio que ten\u00edan [&hellip;]<\/p>\n","protected":false},"author":4,"featured_media":100581,"comment_status":"open","ping_status":"closed","sticky":false,"template":"","format":"standard","meta":{"_acf_changed":false,"footnotes":""},"categories":[418],"tags":[],"class_list":{"0":"post-100579","1":"post","2":"type-post","3":"status-publish","4":"format-standard","5":"has-post-thumbnail","7":"category-colombia"},"acf":[],"_links":{"self":[{"href":"https:\/\/futbolhoy.co\/index.php\/wp-json\/wp\/v2\/posts\/100579","targetHints":{"allow":["GET"]}}],"collection":[{"href":"https:\/\/futbolhoy.co\/index.php\/wp-json\/wp\/v2\/posts"}],"about":[{"href":"https:\/\/futbolhoy.co\/index.php\/wp-json\/wp\/v2\/types\/post"}],"author":[{"embeddable":true,"href":"https:\/\/futbolhoy.co\/index.php\/wp-json\/wp\/v2\/users\/4"}],"replies":[{"embeddable":true,"href":"https:\/\/futbolhoy.co\/index.php\/wp-json\/wp\/v2\/comments?post=100579"}],"version-history":[{"count":1,"href":"https:\/\/futbolhoy.co\/index.php\/wp-json\/wp\/v2\/posts\/100579\/revisions"}],"predecessor-version":[{"id":100582,"href":"https:\/\/futbolhoy.co\/index.php\/wp-json\/wp\/v2\/posts\/100579\/revisions\/100582"}],"wp:featuredmedia":[{"embeddable":true,"href":"https:\/\/futbolhoy.co\/index.php\/wp-json\/wp\/v2\/media\/100581"}],"wp:attachment":[{"href":"https:\/\/futbolhoy.co\/index.php\/wp-json\/wp\/v2\/media?parent=100579"}],"wp:term":[{"taxonomy":"category","embeddable":true,"href":"https:\/\/futbolhoy.co\/index.php\/wp-json\/wp\/v2\/categories?post=100579"},{"taxonomy":"post_tag","embeddable":true,"href":"https:\/\/futbolhoy.co\/index.php\/wp-json\/wp\/v2\/tags?post=100579"}],"curies":[{"name":"wp","href":"https:\/\/api.w.org\/{rel}","templated":true}]}}