{"id":100588,"date":"2023-10-30T09:49:38","date_gmt":"2023-10-30T14:49:38","guid":{"rendered":"https:\/\/futbolhoy.co\/?p=100588"},"modified":"2023-10-31T10:19:50","modified_gmt":"2023-10-31T15:19:50","slug":"secuestro-del-papa-de-luis-diaz-ya-llego-a-la-fifa-infantino-se-pronuncio","status":"publish","type":"post","link":"https:\/\/futbolhoy.co\/index.php\/2023\/10\/30\/secuestro-del-papa-de-luis-diaz-ya-llego-a-la-fifa-infantino-se-pronuncio\/","title":{"rendered":"Secuestro del pap\u00e1 de Luis D\u00edaz ya lleg\u00f3 a la FIFA: Infantino se pronunci\u00f3"},"content":{"rendered":"<p style=\"text-align: justify;\"><span style=\"font-family: helvetica, arial, sans-serif;\"><span style=\"font-weight: 400;\">El presidente de la FIFA, Gianni Infantino, se refiri\u00f3 en las \u00faltimas horas al dif\u00edcil momento <\/span><b>que est\u00e1 atravesando Luis D\u00edaz,<\/b><span style=\"font-weight: 400;\"> jugador del Liverpool, por cuenta del secuestro de su padre en Barrancas, La Guajira.<\/span><\/span><\/p>\n<p style=\"text-align: justify;\"><span style=\"font-family: helvetica, arial, sans-serif;\"><span style=\"font-weight: 400;\">El m\u00e1ximo dirigente de la<\/span><b> FIFA emiti\u00f3 un comunicado<\/b><span style=\"font-weight: 400;\"> en el que enviaba su apoyo y oraciones al futbolista colombiano y su familia.<\/span><\/span><\/p>\n<p style=\"text-align: justify;\"><span style=\"font-family: helvetica, arial, sans-serif;\"><b>\u201cEn nombre de la FIFA <\/b><span style=\"font-weight: 400;\">y de la comunidad futbol\u00edstica mundial, me gustar\u00eda hacer llegar nuestro apoyo y nuestras oraciones a Luis D\u00edaz, a su familia y a sus amigos en estos dif\u00edciles momentos\u201d, dijo Infantino.<\/span><\/span><\/p>\n<p style=\"text-align: justify;\"><span style=\"font-family: helvetica, arial, sans-serif;\"><b>Por ahora el padre de Lucho D\u00edaz<\/b><span style=\"font-weight: 400;\"> sigue siendo el centro de b\u00fasqueda por parte de las autoridades colombianas. Entre las \u00faltimas noticias que se conocieron se supo que el se\u00f1or Luis Manuel D\u00edaz podr\u00eda haber sido trasladado a <\/span><b>territorio venezolano tras su secuestro.<\/b><\/span><\/p>\n<p style=\"text-align: justify;\"><span style=\"font-family: helvetica, arial, sans-serif;\"><span style=\"font-weight: 400;\">Es de destacar que los padres de<\/span><b> Luis D\u00edaz f<\/b><span style=\"font-weight: 400;\">ueron secuestrados el pasado s\u00e1bado 28 de octubre al ser abordados en la camioneta que se trasladaban por hombres armados. Minutos despu\u00e9s la madre del jugador fue rescatada, pero el padre sigue en cautiverio y su <\/span><b>paradero es desconocido.<\/b><\/span><\/p>\n","protected":false},"excerpt":{"rendered":"<p>El presidente de la FIFA, Gianni Infantino, se refiri\u00f3 en las \u00faltimas horas al dif\u00edcil momento que est\u00e1 atravesando Luis D\u00edaz, jugador del Liverpool, por cuenta del secuestro de su padre en Barrancas, La Guajira. El m\u00e1ximo dirigente de la FIFA emiti\u00f3 un comunicado en el que enviaba su apoyo y oraciones al futbolista colombiano [&hellip;]<\/p>\n","protected":false},"author":4,"featured_media":100589,"comment_status":"open","ping_status":"closed","sticky":false,"template":"","format":"standard","meta":{"_acf_changed":false,"footnotes":""},"categories":[418],"tags":[],"class_list":{"0":"post-100588","1":"post","2":"type-post","3":"status-publish","4":"format-standard","5":"has-post-thumbnail","7":"category-colombia"},"acf":[],"_links":{"self":[{"href":"https:\/\/futbolhoy.co\/index.php\/wp-json\/wp\/v2\/posts\/100588","targetHints":{"allow":["GET"]}}],"collection":[{"href":"https:\/\/futbolhoy.co\/index.php\/wp-json\/wp\/v2\/posts"}],"about":[{"href":"https:\/\/futbolhoy.co\/index.php\/wp-json\/wp\/v2\/types\/post"}],"author":[{"embeddable":true,"href":"https:\/\/futbolhoy.co\/index.php\/wp-json\/wp\/v2\/users\/4"}],"replies":[{"embeddable":true,"href":"https:\/\/futbolhoy.co\/index.php\/wp-json\/wp\/v2\/comments?post=100588"}],"version-history":[{"count":1,"href":"https:\/\/futbolhoy.co\/index.php\/wp-json\/wp\/v2\/posts\/100588\/revisions"}],"predecessor-version":[{"id":100590,"href":"https:\/\/futbolhoy.co\/index.php\/wp-json\/wp\/v2\/posts\/100588\/revisions\/100590"}],"wp:featuredmedia":[{"embeddable":true,"href":"https:\/\/futbolhoy.co\/index.php\/wp-json\/wp\/v2\/media\/100589"}],"wp:attachment":[{"href":"https:\/\/futbolhoy.co\/index.php\/wp-json\/wp\/v2\/media?parent=100588"}],"wp:term":[{"taxonomy":"category","embeddable":true,"href":"https:\/\/futbolhoy.co\/index.php\/wp-json\/wp\/v2\/categories?post=100588"},{"taxonomy":"post_tag","embeddable":true,"href":"https:\/\/futbolhoy.co\/index.php\/wp-json\/wp\/v2\/tags?post=100588"}],"curies":[{"name":"wp","href":"https:\/\/api.w.org\/{rel}","templated":true}]}}