{"id":100591,"date":"2023-10-30T09:47:05","date_gmt":"2023-10-30T14:47:05","guid":{"rendered":"https:\/\/futbolhoy.co\/?p=100591"},"modified":"2023-10-30T22:40:10","modified_gmt":"2023-10-31T03:40:10","slug":"justa-decision-fifa-inhabilito-por-tres-anos-a-luis-rubiales","status":"publish","type":"post","link":"https:\/\/futbolhoy.co\/index.php\/2023\/10\/30\/justa-decision-fifa-inhabilito-por-tres-anos-a-luis-rubiales\/","title":{"rendered":"\u00bfJusta decisi\u00f3n? FIFA inhabilit\u00f3 por tres a\u00f1os a Luis Rubiales"},"content":{"rendered":"<p style=\"text-align: justify;\"><span style=\"font-family: helvetica, arial, sans-serif;\"><span style=\"font-weight: 400;\">Este lunes se conoci\u00f3 la sanci\u00f3n por parte de la FIFA para <\/span><b>Luis Rubiales, expresidente de la real Federaci\u00f3n Espa\u00f1ola de F\u00fatbol,<\/b><span style=\"font-weight: 400;\"> luego de los pol\u00e9micos hechos en los que bes\u00f3 sin consentimiento a la jugadora de la Selecci\u00f3n de Espa\u00f1a Jenni Hermoso, situaci\u00f3n que le dio <\/span><b>la vuelta al mundo del f\u00fatbol.<\/b><\/span><\/p>\n<p style=\"text-align: justify;\"><span style=\"font-family: helvetica, arial, sans-serif;\"><span style=\"font-weight: 400;\">La FIFA anunci\u00f3 que el dirigente espa\u00f1ol quedaba inhabilitado por los pr\u00f3ximos tres a\u00f1os, con lo que no podr\u00e1 ejercer ning\u00fan<\/span><b> tipo de actividad relacionada con el f\u00fatbol.<\/b><\/span><\/p>\n<p style=\"text-align: justify;\"><span style=\"font-family: helvetica, arial, sans-serif;\"><span style=\"font-weight: 400;\">El beso de Rubiales a <\/span><b>Jenni Hermoso<\/b><span style=\"font-weight: 400;\"> se dio en medio de la celebraci\u00f3n el pasado 24 de agosto, cuando la Selecci\u00f3n de Espa\u00f1a se coron\u00f3 campeona del Mundial Femenino de F\u00fatbol en Australia y Nueva Zelanda.<\/span><\/span><\/p>\n<p style=\"text-align: justify;\"><span style=\"font-family: helvetica, arial, sans-serif;\"><span style=\"font-weight: 400;\">A su vez, Rubiales ya no podr\u00e1 volver a ser presidente de la RFEF nunca, por el nuevo r\u00e9gimen electoral del Consejo Superior de Deportes (CSD); no obstante, el expresidente de la RFEF puede recurrir a la <\/span><b>Comisi\u00f3n de Apelaci\u00f3n de FIFA.<\/b><\/span><\/p>\n","protected":false},"excerpt":{"rendered":"<p>Este lunes se conoci\u00f3 la sanci\u00f3n por parte de la FIFA para Luis Rubiales, expresidente de la real Federaci\u00f3n Espa\u00f1ola de F\u00fatbol, luego de los pol\u00e9micos hechos en los que bes\u00f3 sin consentimiento a la jugadora de la Selecci\u00f3n de Espa\u00f1a Jenni Hermoso, situaci\u00f3n que le dio la vuelta al mundo del f\u00fatbol. La FIFA [&hellip;]<\/p>\n","protected":false},"author":4,"featured_media":100592,"comment_status":"open","ping_status":"closed","sticky":false,"template":"","format":"standard","meta":{"_acf_changed":false,"footnotes":""},"categories":[152],"tags":[],"class_list":{"0":"post-100591","1":"post","2":"type-post","3":"status-publish","4":"format-standard","5":"has-post-thumbnail","7":"category-mundo-futbol"},"acf":[],"_links":{"self":[{"href":"https:\/\/futbolhoy.co\/index.php\/wp-json\/wp\/v2\/posts\/100591","targetHints":{"allow":["GET"]}}],"collection":[{"href":"https:\/\/futbolhoy.co\/index.php\/wp-json\/wp\/v2\/posts"}],"about":[{"href":"https:\/\/futbolhoy.co\/index.php\/wp-json\/wp\/v2\/types\/post"}],"author":[{"embeddable":true,"href":"https:\/\/futbolhoy.co\/index.php\/wp-json\/wp\/v2\/users\/4"}],"replies":[{"embeddable":true,"href":"https:\/\/futbolhoy.co\/index.php\/wp-json\/wp\/v2\/comments?post=100591"}],"version-history":[{"count":1,"href":"https:\/\/futbolhoy.co\/index.php\/wp-json\/wp\/v2\/posts\/100591\/revisions"}],"predecessor-version":[{"id":100593,"href":"https:\/\/futbolhoy.co\/index.php\/wp-json\/wp\/v2\/posts\/100591\/revisions\/100593"}],"wp:featuredmedia":[{"embeddable":true,"href":"https:\/\/futbolhoy.co\/index.php\/wp-json\/wp\/v2\/media\/100592"}],"wp:attachment":[{"href":"https:\/\/futbolhoy.co\/index.php\/wp-json\/wp\/v2\/media?parent=100591"}],"wp:term":[{"taxonomy":"category","embeddable":true,"href":"https:\/\/futbolhoy.co\/index.php\/wp-json\/wp\/v2\/categories?post=100591"},{"taxonomy":"post_tag","embeddable":true,"href":"https:\/\/futbolhoy.co\/index.php\/wp-json\/wp\/v2\/tags?post=100591"}],"curies":[{"name":"wp","href":"https:\/\/api.w.org\/{rel}","templated":true}]}}