{"id":100595,"date":"2023-10-30T15:51:54","date_gmt":"2023-10-30T20:51:54","guid":{"rendered":"https:\/\/futbolhoy.co\/?p=100595"},"modified":"2023-10-31T10:14:36","modified_gmt":"2023-10-31T15:14:36","slug":"nestor-lorenzo-a-luis-diaz-estamos-contigo-lucho","status":"publish","type":"post","link":"https:\/\/futbolhoy.co\/index.php\/2023\/10\/30\/nestor-lorenzo-a-luis-diaz-estamos-contigo-lucho\/","title":{"rendered":"N\u00e9stor Lorenzo a Luis D\u00edaz: \u00abEstamos contigo, Lucho\u00bb"},"content":{"rendered":"<p style=\"text-align: justify;\"><span style=\"font-family: helvetica, arial, sans-serif;\"><strong> N\u00e9stor Lorenzo<\/strong>, director t\u00e9cnico de la <strong>Selecci\u00f3n Colombia,<\/strong> se sum\u00f3 a los mensajes de apoyo <strong>a Luis D\u00edaz<\/strong> y a las voces que claman por la libertad de su padre, <strong>Luis Manuel D\u00edaz,<\/strong> secuestrado en <strong>Barrancas, La Guajira,<\/strong> el pasado s\u00e1bado.<\/span><\/p>\n<p style=\"text-align: justify;\"><span style=\"font-family: helvetica, arial, sans-serif;\">En una publicaci\u00f3n en su cuenta de <strong>Instagram,<\/strong> el argentino hizo un llamado a la \u00abcordura\u00bb y pidi\u00f3 por la libertad de Luis Manuel lo m\u00e1s pronto posible y \u00absano y salvo\u00bb.<\/span><\/p>\n<p style=\"text-align: justify;\"><span style=\"font-family: helvetica, arial, sans-serif;\">\u00abSeguimos esperando la liberaci\u00f3n del pap\u00e1 de Luis D\u00edaz, que reine la cordura, lo queremos sano y salvo. Estamos contigo, Lucho\u00bb, escribi\u00f3 Lorenzo en sus redes sociales.<\/span><\/p>\n<p style=\"text-align: justify;\"><span style=\"font-family: helvetica, arial, sans-serif;\">El guajiro ha recibido vocs de manifestaci\u00f3n de parte de <strong>James Rodr\u00edguez,<\/strong> capit\u00e1n de la <strong>Selecci\u00f3n Colombia; Gianni Infantino<\/strong>, presidente de la <strong>FIFA; J\u00fcrgen Klopp<\/strong>, su t\u00e9cnico en el <strong>Liverpool<\/strong>, adem\u00e1s de otros compa\u00f1eros y entes del f\u00fatbol mundial.<\/span><\/p>\n","protected":false},"excerpt":{"rendered":"<p>N\u00e9stor Lorenzo, director t\u00e9cnico de la Selecci\u00f3n Colombia, se sum\u00f3 a los mensajes de apoyo a Luis D\u00edaz y a las voces que claman por la libertad de su padre, Luis Manuel D\u00edaz, secuestrado en Barrancas, La Guajira, el pasado s\u00e1bado. En una publicaci\u00f3n en su cuenta de Instagram, el argentino hizo un llamado a [&hellip;]<\/p>\n","protected":false},"author":4,"featured_media":88270,"comment_status":"open","ping_status":"closed","sticky":false,"template":"","format":"standard","meta":{"_acf_changed":false,"footnotes":""},"categories":[418],"tags":[],"class_list":{"0":"post-100595","1":"post","2":"type-post","3":"status-publish","4":"format-standard","5":"has-post-thumbnail","7":"category-colombia"},"acf":[],"_links":{"self":[{"href":"https:\/\/futbolhoy.co\/index.php\/wp-json\/wp\/v2\/posts\/100595","targetHints":{"allow":["GET"]}}],"collection":[{"href":"https:\/\/futbolhoy.co\/index.php\/wp-json\/wp\/v2\/posts"}],"about":[{"href":"https:\/\/futbolhoy.co\/index.php\/wp-json\/wp\/v2\/types\/post"}],"author":[{"embeddable":true,"href":"https:\/\/futbolhoy.co\/index.php\/wp-json\/wp\/v2\/users\/4"}],"replies":[{"embeddable":true,"href":"https:\/\/futbolhoy.co\/index.php\/wp-json\/wp\/v2\/comments?post=100595"}],"version-history":[{"count":1,"href":"https:\/\/futbolhoy.co\/index.php\/wp-json\/wp\/v2\/posts\/100595\/revisions"}],"predecessor-version":[{"id":100596,"href":"https:\/\/futbolhoy.co\/index.php\/wp-json\/wp\/v2\/posts\/100595\/revisions\/100596"}],"wp:featuredmedia":[{"embeddable":true,"href":"https:\/\/futbolhoy.co\/index.php\/wp-json\/wp\/v2\/media\/88270"}],"wp:attachment":[{"href":"https:\/\/futbolhoy.co\/index.php\/wp-json\/wp\/v2\/media?parent=100595"}],"wp:term":[{"taxonomy":"category","embeddable":true,"href":"https:\/\/futbolhoy.co\/index.php\/wp-json\/wp\/v2\/categories?post=100595"},{"taxonomy":"post_tag","embeddable":true,"href":"https:\/\/futbolhoy.co\/index.php\/wp-json\/wp\/v2\/tags?post=100595"}],"curies":[{"name":"wp","href":"https:\/\/api.w.org\/{rel}","templated":true}]}}