{"id":100600,"date":"2023-10-30T16:00:13","date_gmt":"2023-10-30T21:00:13","guid":{"rendered":"https:\/\/futbolhoy.co\/?p=100600"},"modified":"2023-10-31T17:28:07","modified_gmt":"2023-10-31T22:28:07","slug":"linda-caicedo-en-el-top-10-del-balon-de-oro","status":"publish","type":"post","link":"https:\/\/futbolhoy.co\/index.php\/2023\/10\/30\/linda-caicedo-en-el-top-10-del-balon-de-oro\/","title":{"rendered":"Linda Caicedo, en el Top 10 del Bal\u00f3n de Oro"},"content":{"rendered":"<p style=\"text-align: justify;\"><span style=\"font-family: helvetica, arial, sans-serif;\"><strong>Linda Caicedo,<\/strong> estrella de la <strong>Selecci\u00f3n Colombia<\/strong> y del <strong>Real Madrid,<\/strong> termin\u00f3 en el Top 10 del <strong>Bal\u00f3n de Oro<\/strong> entregado por la revista <em>France Football,<\/em> que en esta edici\u00f3n fue ganado en la categor\u00eda femenina por la espa\u00f1ola <strong>Aitana Bonmat\u00ed,<\/strong> jugadora del <strong>Barcelona.<\/strong><\/span><\/p>\n<p style=\"text-align: justify;\"><span style=\"font-family: helvetica, arial, sans-serif;\">Linda, de 18 a\u00f1os, se ubic\u00f3 en la novena posici\u00f3n, siendo la mejor jugadora de <strong>Am\u00e9rica.<\/strong> La colombiana fue la \u00fanica futbolista del continente ubicada entre las 10 mejores del mundo de<\/span><span style=\"font-family: helvetica, arial, sans-serif;\">\u00a0la pasada temporada.\u00a0<\/span><\/p>\n<p style=\"text-align: justify;\"><span style=\"font-family: helvetica, arial, sans-serif;\">Entre la campa\u00f1a 2022-2023, Linda Caicedo disput\u00f3 tres <strong>Mundiales,<\/strong> siendo subcampeona del mundo de la categor\u00eda <strong>Sub-17,<\/strong> donde adem\u00e1s fue reconocida como la segunda mejor jugadora del torneo.\u00a0<\/span><\/p>\n<p style=\"text-align: justify;\"><span style=\"font-family: helvetica, arial, sans-serif;\">En la categor\u00eda <strong>Sub-20<\/strong> y mayores avanz\u00f3 hasta cuartos de final; mientras que en la <strong>Copa Am\u00e9rica<\/strong> fue subcampeona y elegida la mejor jugadora del torneo, lo que le termin\u00f3 de abrir la puerta al Real Madrid este a\u00f1o.<\/span><\/p>\n<p style=\"text-align: justify;\"><span style=\"font-family: helvetica, arial, sans-serif;\">Junto a Aitana, el podio lo completaron <strong>Sam<\/strong>\u00a0<strong>Kerr,<\/strong> australiana del <strong>Chelsea,<\/strong> y <strong>Salma Paralluelo,<\/strong> espa\u00f1ola del <strong>Barcelona.<\/strong><\/span><\/p>\n","protected":false},"excerpt":{"rendered":"<p>Linda Caicedo, estrella de la Selecci\u00f3n Colombia y del Real Madrid, termin\u00f3 en el Top 10 del Bal\u00f3n de Oro entregado por la revista France Football, que en esta edici\u00f3n fue ganado en la categor\u00eda femenina por la espa\u00f1ola Aitana Bonmat\u00ed, jugadora del Barcelona. Linda, de 18 a\u00f1os, se ubic\u00f3 en la novena posici\u00f3n, siendo [&hellip;]<\/p>\n","protected":false},"author":4,"featured_media":100601,"comment_status":"open","ping_status":"open","sticky":false,"template":"","format":"standard","meta":{"_acf_changed":false,"footnotes":""},"categories":[418],"tags":[],"class_list":{"0":"post-100600","1":"post","2":"type-post","3":"status-publish","4":"format-standard","5":"has-post-thumbnail","7":"category-colombia"},"acf":[],"yoast_head":"<!-- This site is optimized with the Yoast SEO plugin v26.8 - https:\/\/yoast.com\/product\/yoast-seo-wordpress\/ -->\n<title>Linda Caicedo, en el Top 10 del Bal\u00f3n de Oro -<\/title>\n<meta name=\"robots\" content=\"index, follow, max-snippet:-1, max-image-preview:large, max-video-preview:-1\" \/>\n<link rel=\"canonical\" href=\"https:\/\/futbolhoy.co\/index.php\/2023\/10\/30\/linda-caicedo-en-el-top-10-del-balon-de-oro\/\" \/>\n<meta property=\"og:locale\" content=\"es_ES\" \/>\n<meta property=\"og:type\" content=\"article\" \/>\n<meta property=\"og:title\" content=\"Linda Caicedo, en el Top 10 del Bal\u00f3n de Oro -\" \/>\n<meta property=\"og:description\" content=\"Linda Caicedo, estrella de la Selecci\u00f3n Colombia y del Real Madrid, termin\u00f3 en el Top 10 del Bal\u00f3n de Oro entregado por la revista France Football, que en esta edici\u00f3n fue ganado en la categor\u00eda femenina por la espa\u00f1ola Aitana Bonmat\u00ed, jugadora del Barcelona. Linda, de 18 a\u00f1os, se ubic\u00f3 en la novena posici\u00f3n, siendo [&hellip;]\" \/>\n<meta property=\"og:url\" content=\"https:\/\/futbolhoy.co\/index.php\/2023\/10\/30\/linda-caicedo-en-el-top-10-del-balon-de-oro\/\" \/>\n<meta property=\"article:publisher\" content=\"https:\/\/www.facebook.com\/FutbolHoyCol\/\" \/>\n<meta property=\"article:published_time\" content=\"2023-10-30T21:00:13+00:00\" \/>\n<meta property=\"article:modified_time\" content=\"2023-10-31T22:28:07+00:00\" \/>\n<meta property=\"og:image\" content=\"https:\/\/futbolhoy.co\/wp-content\/uploads\/2023\/10\/Linda-Vini-y-Jude.png\" \/>\n\t<meta property=\"og:image:width\" content=\"987\" \/>\n\t<meta property=\"og:image:height\" content=\"886\" \/>\n\t<meta property=\"og:image:type\" content=\"image\/png\" \/>\n<meta name=\"author\" content=\"contenido\" \/>\n<meta name=\"twitter:card\" content=\"summary_large_image\" \/>\n<meta name=\"twitter:creator\" content=\"@FutbolHoyCol\" \/>\n<meta name=\"twitter:site\" content=\"@FutbolHoyCol\" \/>\n<meta name=\"twitter:label1\" content=\"Escrito por\" \/>\n\t<meta name=\"twitter:data1\" content=\"contenido\" \/>\n\t<meta name=\"twitter:label2\" content=\"Tiempo de lectura\" \/>\n\t<meta name=\"twitter:data2\" content=\"1 minuto\" \/>\n<script type=\"application\/ld+json\" class=\"yoast-schema-graph\">{\"@context\":\"https:\/\/schema.org\",\"@graph\":[{\"@type\":\"Article\",\"@id\":\"https:\/\/futbolhoy.co\/index.php\/2023\/10\/30\/linda-caicedo-en-el-top-10-del-balon-de-oro\/#article\",\"isPartOf\":{\"@id\":\"https:\/\/futbolhoy.co\/index.php\/2023\/10\/30\/linda-caicedo-en-el-top-10-del-balon-de-oro\/\"},\"author\":{\"name\":\"contenido\",\"@id\":\"https:\/\/futbolhoy.co\/#\/schema\/person\/1721b69355b6623eaff15ac7b92d4cc3\"},\"headline\":\"Linda Caicedo, en el Top 10 del Bal\u00f3n de Oro\",\"datePublished\":\"2023-10-30T21:00:13+00:00\",\"dateModified\":\"2023-10-31T22:28:07+00:00\",\"mainEntityOfPage\":{\"@id\":\"https:\/\/futbolhoy.co\/index.php\/2023\/10\/30\/linda-caicedo-en-el-top-10-del-balon-de-oro\/\"},\"wordCount\":186,\"commentCount\":0,\"publisher\":{\"@id\":\"https:\/\/futbolhoy.co\/#organization\"},\"image\":{\"@id\":\"https:\/\/futbolhoy.co\/index.php\/2023\/10\/30\/linda-caicedo-en-el-top-10-del-balon-de-oro\/#primaryimage\"},\"thumbnailUrl\":\"https:\/\/futbolhoy.co\/wp-content\/uploads\/2023\/10\/Linda-Vini-y-Jude.png\",\"articleSection\":[\"Colombia\"],\"inLanguage\":\"es\",\"potentialAction\":[{\"@type\":\"CommentAction\",\"name\":\"Comment\",\"target\":[\"https:\/\/futbolhoy.co\/index.php\/2023\/10\/30\/linda-caicedo-en-el-top-10-del-balon-de-oro\/#respond\"]}]},{\"@type\":\"WebPage\",\"@id\":\"https:\/\/futbolhoy.co\/index.php\/2023\/10\/30\/linda-caicedo-en-el-top-10-del-balon-de-oro\/\",\"url\":\"https:\/\/futbolhoy.co\/index.php\/2023\/10\/30\/linda-caicedo-en-el-top-10-del-balon-de-oro\/\",\"name\":\"Linda Caicedo, en el Top 10 del Bal\u00f3n de Oro -\",\"isPartOf\":{\"@id\":\"https:\/\/futbolhoy.co\/#website\"},\"primaryImageOfPage\":{\"@id\":\"https:\/\/futbolhoy.co\/index.php\/2023\/10\/30\/linda-caicedo-en-el-top-10-del-balon-de-oro\/#primaryimage\"},\"image\":{\"@id\":\"https:\/\/futbolhoy.co\/index.php\/2023\/10\/30\/linda-caicedo-en-el-top-10-del-balon-de-oro\/#primaryimage\"},\"thumbnailUrl\":\"https:\/\/futbolhoy.co\/wp-content\/uploads\/2023\/10\/Linda-Vini-y-Jude.png\",\"datePublished\":\"2023-10-30T21:00:13+00:00\",\"dateModified\":\"2023-10-31T22:28:07+00:00\",\"breadcrumb\":{\"@id\":\"https:\/\/futbolhoy.co\/index.php\/2023\/10\/30\/linda-caicedo-en-el-top-10-del-balon-de-oro\/#breadcrumb\"},\"inLanguage\":\"es\",\"potentialAction\":[{\"@type\":\"ReadAction\",\"target\":[\"https:\/\/futbolhoy.co\/index.php\/2023\/10\/30\/linda-caicedo-en-el-top-10-del-balon-de-oro\/\"]}]},{\"@type\":\"ImageObject\",\"inLanguage\":\"es\",\"@id\":\"https:\/\/futbolhoy.co\/index.php\/2023\/10\/30\/linda-caicedo-en-el-top-10-del-balon-de-oro\/#primaryimage\",\"url\":\"https:\/\/futbolhoy.co\/wp-content\/uploads\/2023\/10\/Linda-Vini-y-Jude.png\",\"contentUrl\":\"https:\/\/futbolhoy.co\/wp-content\/uploads\/2023\/10\/Linda-Vini-y-Jude.png\",\"width\":987,\"height\":886},{\"@type\":\"BreadcrumbList\",\"@id\":\"https:\/\/futbolhoy.co\/index.php\/2023\/10\/30\/linda-caicedo-en-el-top-10-del-balon-de-oro\/#breadcrumb\",\"itemListElement\":[{\"@type\":\"ListItem\",\"position\":1,\"name\":\"Portada\",\"item\":\"https:\/\/futbolhoy.co\/\"},{\"@type\":\"ListItem\",\"position\":2,\"name\":\"Linda Caicedo, en el Top 10 del Bal\u00f3n de Oro\"}]},{\"@type\":\"WebSite\",\"@id\":\"https:\/\/futbolhoy.co\/#website\",\"url\":\"https:\/\/futbolhoy.co\/\",\"name\":\"FutbolHoy\",\"description\":\"\",\"publisher\":{\"@id\":\"https:\/\/futbolhoy.co\/#organization\"},\"potentialAction\":[{\"@type\":\"SearchAction\",\"target\":{\"@type\":\"EntryPoint\",\"urlTemplate\":\"https:\/\/futbolhoy.co\/?s={search_term_string}\"},\"query-input\":{\"@type\":\"PropertyValueSpecification\",\"valueRequired\":true,\"valueName\":\"search_term_string\"}}],\"inLanguage\":\"es\"},{\"@type\":\"Organization\",\"@id\":\"https:\/\/futbolhoy.co\/#organization\",\"name\":\"Futbolhoy.co\",\"url\":\"https:\/\/futbolhoy.co\/\",\"logo\":{\"@type\":\"ImageObject\",\"inLanguage\":\"es\",\"@id\":\"https:\/\/futbolhoy.co\/#\/schema\/logo\/image\/\",\"url\":\"https:\/\/futbolhoy.co\/wp-content\/uploads\/2018\/08\/17426380_1906371736249227_6326180412931521141_n.jpg\",\"contentUrl\":\"https:\/\/futbolhoy.co\/wp-content\/uploads\/2018\/08\/17426380_1906371736249227_6326180412931521141_n.jpg\",\"width\":960,\"height\":960,\"caption\":\"Futbolhoy.co\"},\"image\":{\"@id\":\"https:\/\/futbolhoy.co\/#\/schema\/logo\/image\/\"},\"sameAs\":[\"https:\/\/www.facebook.com\/FutbolHoyCol\/\",\"https:\/\/x.com\/FutbolHoyCol\",\"https:\/\/www.instagram.com\/futbolhoycol\/\"]},{\"@type\":\"Person\",\"@id\":\"https:\/\/futbolhoy.co\/#\/schema\/person\/1721b69355b6623eaff15ac7b92d4cc3\",\"name\":\"contenido\",\"image\":{\"@type\":\"ImageObject\",\"inLanguage\":\"es\",\"@id\":\"https:\/\/futbolhoy.co\/#\/schema\/person\/image\/\",\"url\":\"https:\/\/secure.gravatar.com\/avatar\/4f656d3256f5134f466206e7c3941518?s=96&d=mm&r=g\",\"contentUrl\":\"https:\/\/secure.gravatar.com\/avatar\/4f656d3256f5134f466206e7c3941518?s=96&d=mm&r=g\",\"caption\":\"contenido\"}}]}<\/script>\n<!-- \/ Yoast SEO plugin. -->","yoast_head_json":{"title":"Linda Caicedo, en el Top 10 del Bal\u00f3n de Oro -","robots":{"index":"index","follow":"follow","max-snippet":"max-snippet:-1","max-image-preview":"max-image-preview:large","max-video-preview":"max-video-preview:-1"},"canonical":"https:\/\/futbolhoy.co\/index.php\/2023\/10\/30\/linda-caicedo-en-el-top-10-del-balon-de-oro\/","og_locale":"es_ES","og_type":"article","og_title":"Linda Caicedo, en el Top 10 del Bal\u00f3n de Oro -","og_description":"Linda Caicedo, estrella de la Selecci\u00f3n Colombia y del Real Madrid, termin\u00f3 en el Top 10 del Bal\u00f3n de Oro entregado por la revista France Football, que en esta edici\u00f3n fue ganado en la categor\u00eda femenina por la espa\u00f1ola Aitana Bonmat\u00ed, jugadora del Barcelona. Linda, de 18 a\u00f1os, se ubic\u00f3 en la novena posici\u00f3n, siendo [&hellip;]","og_url":"https:\/\/futbolhoy.co\/index.php\/2023\/10\/30\/linda-caicedo-en-el-top-10-del-balon-de-oro\/","article_publisher":"https:\/\/www.facebook.com\/FutbolHoyCol\/","article_published_time":"2023-10-30T21:00:13+00:00","article_modified_time":"2023-10-31T22:28:07+00:00","og_image":[{"width":987,"height":886,"url":"https:\/\/futbolhoy.co\/wp-content\/uploads\/2023\/10\/Linda-Vini-y-Jude.png","type":"image\/png"}],"author":"contenido","twitter_card":"summary_large_image","twitter_creator":"@FutbolHoyCol","twitter_site":"@FutbolHoyCol","twitter_misc":{"Escrito por":"contenido","Tiempo de lectura":"1 minuto"},"schema":{"@context":"https:\/\/schema.org","@graph":[{"@type":"Article","@id":"https:\/\/futbolhoy.co\/index.php\/2023\/10\/30\/linda-caicedo-en-el-top-10-del-balon-de-oro\/#article","isPartOf":{"@id":"https:\/\/futbolhoy.co\/index.php\/2023\/10\/30\/linda-caicedo-en-el-top-10-del-balon-de-oro\/"},"author":{"name":"contenido","@id":"https:\/\/futbolhoy.co\/#\/schema\/person\/1721b69355b6623eaff15ac7b92d4cc3"},"headline":"Linda Caicedo, en el Top 10 del Bal\u00f3n de Oro","datePublished":"2023-10-30T21:00:13+00:00","dateModified":"2023-10-31T22:28:07+00:00","mainEntityOfPage":{"@id":"https:\/\/futbolhoy.co\/index.php\/2023\/10\/30\/linda-caicedo-en-el-top-10-del-balon-de-oro\/"},"wordCount":186,"commentCount":0,"publisher":{"@id":"https:\/\/futbolhoy.co\/#organization"},"image":{"@id":"https:\/\/futbolhoy.co\/index.php\/2023\/10\/30\/linda-caicedo-en-el-top-10-del-balon-de-oro\/#primaryimage"},"thumbnailUrl":"https:\/\/futbolhoy.co\/wp-content\/uploads\/2023\/10\/Linda-Vini-y-Jude.png","articleSection":["Colombia"],"inLanguage":"es","potentialAction":[{"@type":"CommentAction","name":"Comment","target":["https:\/\/futbolhoy.co\/index.php\/2023\/10\/30\/linda-caicedo-en-el-top-10-del-balon-de-oro\/#respond"]}]},{"@type":"WebPage","@id":"https:\/\/futbolhoy.co\/index.php\/2023\/10\/30\/linda-caicedo-en-el-top-10-del-balon-de-oro\/","url":"https:\/\/futbolhoy.co\/index.php\/2023\/10\/30\/linda-caicedo-en-el-top-10-del-balon-de-oro\/","name":"Linda Caicedo, en el Top 10 del Bal\u00f3n de Oro -","isPartOf":{"@id":"https:\/\/futbolhoy.co\/#website"},"primaryImageOfPage":{"@id":"https:\/\/futbolhoy.co\/index.php\/2023\/10\/30\/linda-caicedo-en-el-top-10-del-balon-de-oro\/#primaryimage"},"image":{"@id":"https:\/\/futbolhoy.co\/index.php\/2023\/10\/30\/linda-caicedo-en-el-top-10-del-balon-de-oro\/#primaryimage"},"thumbnailUrl":"https:\/\/futbolhoy.co\/wp-content\/uploads\/2023\/10\/Linda-Vini-y-Jude.png","datePublished":"2023-10-30T21:00:13+00:00","dateModified":"2023-10-31T22:28:07+00:00","breadcrumb":{"@id":"https:\/\/futbolhoy.co\/index.php\/2023\/10\/30\/linda-caicedo-en-el-top-10-del-balon-de-oro\/#breadcrumb"},"inLanguage":"es","potentialAction":[{"@type":"ReadAction","target":["https:\/\/futbolhoy.co\/index.php\/2023\/10\/30\/linda-caicedo-en-el-top-10-del-balon-de-oro\/"]}]},{"@type":"ImageObject","inLanguage":"es","@id":"https:\/\/futbolhoy.co\/index.php\/2023\/10\/30\/linda-caicedo-en-el-top-10-del-balon-de-oro\/#primaryimage","url":"https:\/\/futbolhoy.co\/wp-content\/uploads\/2023\/10\/Linda-Vini-y-Jude.png","contentUrl":"https:\/\/futbolhoy.co\/wp-content\/uploads\/2023\/10\/Linda-Vini-y-Jude.png","width":987,"height":886},{"@type":"BreadcrumbList","@id":"https:\/\/futbolhoy.co\/index.php\/2023\/10\/30\/linda-caicedo-en-el-top-10-del-balon-de-oro\/#breadcrumb","itemListElement":[{"@type":"ListItem","position":1,"name":"Portada","item":"https:\/\/futbolhoy.co\/"},{"@type":"ListItem","position":2,"name":"Linda Caicedo, en el Top 10 del Bal\u00f3n de Oro"}]},{"@type":"WebSite","@id":"https:\/\/futbolhoy.co\/#website","url":"https:\/\/futbolhoy.co\/","name":"FutbolHoy","description":"","publisher":{"@id":"https:\/\/futbolhoy.co\/#organization"},"potentialAction":[{"@type":"SearchAction","target":{"@type":"EntryPoint","urlTemplate":"https:\/\/futbolhoy.co\/?s={search_term_string}"},"query-input":{"@type":"PropertyValueSpecification","valueRequired":true,"valueName":"search_term_string"}}],"inLanguage":"es"},{"@type":"Organization","@id":"https:\/\/futbolhoy.co\/#organization","name":"Futbolhoy.co","url":"https:\/\/futbolhoy.co\/","logo":{"@type":"ImageObject","inLanguage":"es","@id":"https:\/\/futbolhoy.co\/#\/schema\/logo\/image\/","url":"https:\/\/futbolhoy.co\/wp-content\/uploads\/2018\/08\/17426380_1906371736249227_6326180412931521141_n.jpg","contentUrl":"https:\/\/futbolhoy.co\/wp-content\/uploads\/2018\/08\/17426380_1906371736249227_6326180412931521141_n.jpg","width":960,"height":960,"caption":"Futbolhoy.co"},"image":{"@id":"https:\/\/futbolhoy.co\/#\/schema\/logo\/image\/"},"sameAs":["https:\/\/www.facebook.com\/FutbolHoyCol\/","https:\/\/x.com\/FutbolHoyCol","https:\/\/www.instagram.com\/futbolhoycol\/"]},{"@type":"Person","@id":"https:\/\/futbolhoy.co\/#\/schema\/person\/1721b69355b6623eaff15ac7b92d4cc3","name":"contenido","image":{"@type":"ImageObject","inLanguage":"es","@id":"https:\/\/futbolhoy.co\/#\/schema\/person\/image\/","url":"https:\/\/secure.gravatar.com\/avatar\/4f656d3256f5134f466206e7c3941518?s=96&d=mm&r=g","contentUrl":"https:\/\/secure.gravatar.com\/avatar\/4f656d3256f5134f466206e7c3941518?s=96&d=mm&r=g","caption":"contenido"}}]}},"publishpress_future_action":{"enabled":false,"date":"2026-05-06 16:08:52","action":"change-status","newStatus":"draft","terms":[],"taxonomy":"category","extraData":[]},"publishpress_future_workflow_manual_trigger":{"enabledWorkflows":[]},"_links":{"self":[{"href":"https:\/\/futbolhoy.co\/index.php\/wp-json\/wp\/v2\/posts\/100600","targetHints":{"allow":["GET"]}}],"collection":[{"href":"https:\/\/futbolhoy.co\/index.php\/wp-json\/wp\/v2\/posts"}],"about":[{"href":"https:\/\/futbolhoy.co\/index.php\/wp-json\/wp\/v2\/types\/post"}],"author":[{"embeddable":true,"href":"https:\/\/futbolhoy.co\/index.php\/wp-json\/wp\/v2\/users\/4"}],"replies":[{"embeddable":true,"href":"https:\/\/futbolhoy.co\/index.php\/wp-json\/wp\/v2\/comments?post=100600"}],"version-history":[{"count":1,"href":"https:\/\/futbolhoy.co\/index.php\/wp-json\/wp\/v2\/posts\/100600\/revisions"}],"predecessor-version":[{"id":100602,"href":"https:\/\/futbolhoy.co\/index.php\/wp-json\/wp\/v2\/posts\/100600\/revisions\/100602"}],"wp:featuredmedia":[{"embeddable":true,"href":"https:\/\/futbolhoy.co\/index.php\/wp-json\/wp\/v2\/media\/100601"}],"wp:attachment":[{"href":"https:\/\/futbolhoy.co\/index.php\/wp-json\/wp\/v2\/media?parent=100600"}],"wp:term":[{"taxonomy":"category","embeddable":true,"href":"https:\/\/futbolhoy.co\/index.php\/wp-json\/wp\/v2\/categories?post=100600"},{"taxonomy":"post_tag","embeddable":true,"href":"https:\/\/futbolhoy.co\/index.php\/wp-json\/wp\/v2\/tags?post=100600"}],"curies":[{"name":"wp","href":"https:\/\/api.w.org\/{rel}","templated":true}]}}