{"id":100608,"date":"2023-10-31T10:10:18","date_gmt":"2023-10-31T15:10:18","guid":{"rendered":"https:\/\/futbolhoy.co\/?p=100608"},"modified":"2023-10-31T10:10:18","modified_gmt":"2023-10-31T15:10:18","slug":"secuestro-del-papa-de-luis-diaz-identifican-a-sospechosos-y-hay-nuevas-pistas","status":"publish","type":"post","link":"https:\/\/futbolhoy.co\/index.php\/2023\/10\/31\/secuestro-del-papa-de-luis-diaz-identifican-a-sospechosos-y-hay-nuevas-pistas\/","title":{"rendered":"Secuestro del pap\u00e1 de Luis D\u00edaz: identifican a sospechosos y hay nuevas pistas"},"content":{"rendered":"<p style=\"text-align: justify;\"><span style=\"font-family: helvetica, arial, sans-serif;\"><span style=\"font-weight: 400;\">Todav\u00eda est\u00e1 en vilo el paradero del pap\u00e1 de Luis D\u00edaz, quien fue secuestrado el pasado 28 de octubre en Barrancas, La Guajira, pero las autoridades confirmaron en las \u00faltimas horas que ya tendr\u00edan identificadas a <\/span><b>varias personas que hicieron parte del secuestro.<\/b><\/span><\/p>\n<p style=\"text-align: justify;\"><span style=\"font-family: helvetica, arial, sans-serif;\"><b>El general Alejandro Zapata, subdirector de la Polic\u00eda Nacional,<\/b><span style=\"font-weight: 400;\"> confirm\u00f3 a medios colombianos que ya tendr\u00edan identificadas a varias personas, ya que sus rostros quedaron registrados en c\u00e1maras de seguridad de la zona.<\/span><\/span><\/p>\n<p style=\"text-align: justify;\"><span style=\"font-family: helvetica, arial, sans-serif;\"><span style=\"font-weight: 400;\">Se tratar\u00eda de cuatro secuestradores los que tendr\u00edan en su poder al se\u00f1or Luis Manuel D\u00edaz, <\/span><b>quienes \u201chan estado caminando\u201d<\/b><span style=\"font-weight: 400;\">, por lo que se cree que estar\u00edan \u201cescondidos en una finca\u201d, apunta el peri\u00f3dico El Tiempo.<\/span><\/span><\/p>\n<p style=\"text-align: justify;\"><span style=\"font-family: helvetica, arial, sans-serif;\"><span style=\"font-weight: 400;\">En Colombia, las autoridades anunciaron una recompensa de hasta 200 millones de pesos por informaci\u00f3n que permita dar con el paradero de<\/span><b> Luis Manuel D\u00edaz, padre de Lucho D\u00edaz.<\/b><\/span><\/p>\n","protected":false},"excerpt":{"rendered":"<p>Todav\u00eda est\u00e1 en vilo el paradero del pap\u00e1 de Luis D\u00edaz, quien fue secuestrado el pasado 28 de octubre en Barrancas, La Guajira, pero las autoridades confirmaron en las \u00faltimas horas que ya tendr\u00edan identificadas a varias personas que hicieron parte del secuestro. El general Alejandro Zapata, subdirector de la Polic\u00eda Nacional, confirm\u00f3 a medios [&hellip;]<\/p>\n","protected":false},"author":4,"featured_media":100552,"comment_status":"open","ping_status":"open","sticky":false,"template":"","format":"standard","meta":{"_acf_changed":false,"footnotes":""},"categories":[5],"tags":[],"class_list":{"0":"post-100608","1":"post","2":"type-post","3":"status-publish","4":"format-standard","5":"has-post-thumbnail","7":"category-destacados"},"acf":[],"yoast_head":"<!-- This site is optimized with the Yoast SEO plugin v26.8 - https:\/\/yoast.com\/product\/yoast-seo-wordpress\/ -->\n<title>Secuestro del pap\u00e1 de Luis D\u00edaz: identifican a sospechosos y hay nuevas pistas -<\/title>\n<meta name=\"robots\" content=\"index, follow, max-snippet:-1, max-image-preview:large, max-video-preview:-1\" \/>\n<link rel=\"canonical\" href=\"https:\/\/futbolhoy.co\/index.php\/2023\/10\/31\/secuestro-del-papa-de-luis-diaz-identifican-a-sospechosos-y-hay-nuevas-pistas\/\" \/>\n<meta property=\"og:locale\" content=\"es_ES\" \/>\n<meta property=\"og:type\" content=\"article\" \/>\n<meta property=\"og:title\" content=\"Secuestro del pap\u00e1 de Luis D\u00edaz: identifican a sospechosos y hay nuevas pistas -\" \/>\n<meta property=\"og:description\" content=\"Todav\u00eda est\u00e1 en vilo el paradero del pap\u00e1 de Luis D\u00edaz, quien fue secuestrado el pasado 28 de octubre en Barrancas, La Guajira, pero las autoridades confirmaron en las \u00faltimas horas que ya tendr\u00edan identificadas a varias personas que hicieron parte del secuestro. El general Alejandro Zapata, subdirector de la Polic\u00eda Nacional, confirm\u00f3 a medios [&hellip;]\" \/>\n<meta property=\"og:url\" content=\"https:\/\/futbolhoy.co\/index.php\/2023\/10\/31\/secuestro-del-papa-de-luis-diaz-identifican-a-sospechosos-y-hay-nuevas-pistas\/\" \/>\n<meta property=\"article:publisher\" content=\"https:\/\/www.facebook.com\/FutbolHoyCol\/\" \/>\n<meta property=\"article:published_time\" content=\"2023-10-31T15:10:18+00:00\" \/>\n<meta property=\"og:image\" content=\"https:\/\/futbolhoy.co\/wp-content\/uploads\/2023\/10\/IMG_8795.jpeg\" \/>\n\t<meta property=\"og:image:width\" content=\"2048\" \/>\n\t<meta property=\"og:image:height\" content=\"1366\" \/>\n\t<meta property=\"og:image:type\" content=\"image\/jpeg\" \/>\n<meta name=\"author\" content=\"contenido\" \/>\n<meta name=\"twitter:card\" content=\"summary_large_image\" \/>\n<meta name=\"twitter:creator\" content=\"@FutbolHoyCol\" \/>\n<meta name=\"twitter:site\" content=\"@FutbolHoyCol\" \/>\n<meta name=\"twitter:label1\" content=\"Escrito por\" \/>\n\t<meta name=\"twitter:data1\" content=\"contenido\" \/>\n\t<meta name=\"twitter:label2\" content=\"Tiempo de lectura\" \/>\n\t<meta name=\"twitter:data2\" content=\"1 minuto\" \/>\n<script type=\"application\/ld+json\" class=\"yoast-schema-graph\">{\"@context\":\"https:\/\/schema.org\",\"@graph\":[{\"@type\":\"Article\",\"@id\":\"https:\/\/futbolhoy.co\/index.php\/2023\/10\/31\/secuestro-del-papa-de-luis-diaz-identifican-a-sospechosos-y-hay-nuevas-pistas\/#article\",\"isPartOf\":{\"@id\":\"https:\/\/futbolhoy.co\/index.php\/2023\/10\/31\/secuestro-del-papa-de-luis-diaz-identifican-a-sospechosos-y-hay-nuevas-pistas\/\"},\"author\":{\"name\":\"contenido\",\"@id\":\"https:\/\/futbolhoy.co\/#\/schema\/person\/1721b69355b6623eaff15ac7b92d4cc3\"},\"headline\":\"Secuestro del pap\u00e1 de Luis D\u00edaz: identifican a sospechosos y hay nuevas pistas\",\"datePublished\":\"2023-10-31T15:10:18+00:00\",\"mainEntityOfPage\":{\"@id\":\"https:\/\/futbolhoy.co\/index.php\/2023\/10\/31\/secuestro-del-papa-de-luis-diaz-identifican-a-sospechosos-y-hay-nuevas-pistas\/\"},\"wordCount\":168,\"commentCount\":0,\"publisher\":{\"@id\":\"https:\/\/futbolhoy.co\/#organization\"},\"image\":{\"@id\":\"https:\/\/futbolhoy.co\/index.php\/2023\/10\/31\/secuestro-del-papa-de-luis-diaz-identifican-a-sospechosos-y-hay-nuevas-pistas\/#primaryimage\"},\"thumbnailUrl\":\"https:\/\/futbolhoy.co\/wp-content\/uploads\/2023\/10\/IMG_8795.jpeg\",\"articleSection\":[\"Destacados\"],\"inLanguage\":\"es\",\"potentialAction\":[{\"@type\":\"CommentAction\",\"name\":\"Comment\",\"target\":[\"https:\/\/futbolhoy.co\/index.php\/2023\/10\/31\/secuestro-del-papa-de-luis-diaz-identifican-a-sospechosos-y-hay-nuevas-pistas\/#respond\"]}]},{\"@type\":\"WebPage\",\"@id\":\"https:\/\/futbolhoy.co\/index.php\/2023\/10\/31\/secuestro-del-papa-de-luis-diaz-identifican-a-sospechosos-y-hay-nuevas-pistas\/\",\"url\":\"https:\/\/futbolhoy.co\/index.php\/2023\/10\/31\/secuestro-del-papa-de-luis-diaz-identifican-a-sospechosos-y-hay-nuevas-pistas\/\",\"name\":\"Secuestro del pap\u00e1 de Luis D\u00edaz: identifican a sospechosos y hay nuevas pistas -\",\"isPartOf\":{\"@id\":\"https:\/\/futbolhoy.co\/#website\"},\"primaryImageOfPage\":{\"@id\":\"https:\/\/futbolhoy.co\/index.php\/2023\/10\/31\/secuestro-del-papa-de-luis-diaz-identifican-a-sospechosos-y-hay-nuevas-pistas\/#primaryimage\"},\"image\":{\"@id\":\"https:\/\/futbolhoy.co\/index.php\/2023\/10\/31\/secuestro-del-papa-de-luis-diaz-identifican-a-sospechosos-y-hay-nuevas-pistas\/#primaryimage\"},\"thumbnailUrl\":\"https:\/\/futbolhoy.co\/wp-content\/uploads\/2023\/10\/IMG_8795.jpeg\",\"datePublished\":\"2023-10-31T15:10:18+00:00\",\"breadcrumb\":{\"@id\":\"https:\/\/futbolhoy.co\/index.php\/2023\/10\/31\/secuestro-del-papa-de-luis-diaz-identifican-a-sospechosos-y-hay-nuevas-pistas\/#breadcrumb\"},\"inLanguage\":\"es\",\"potentialAction\":[{\"@type\":\"ReadAction\",\"target\":[\"https:\/\/futbolhoy.co\/index.php\/2023\/10\/31\/secuestro-del-papa-de-luis-diaz-identifican-a-sospechosos-y-hay-nuevas-pistas\/\"]}]},{\"@type\":\"ImageObject\",\"inLanguage\":\"es\",\"@id\":\"https:\/\/futbolhoy.co\/index.php\/2023\/10\/31\/secuestro-del-papa-de-luis-diaz-identifican-a-sospechosos-y-hay-nuevas-pistas\/#primaryimage\",\"url\":\"https:\/\/futbolhoy.co\/wp-content\/uploads\/2023\/10\/IMG_8795.jpeg\",\"contentUrl\":\"https:\/\/futbolhoy.co\/wp-content\/uploads\/2023\/10\/IMG_8795.jpeg\",\"width\":2048,\"height\":1366},{\"@type\":\"BreadcrumbList\",\"@id\":\"https:\/\/futbolhoy.co\/index.php\/2023\/10\/31\/secuestro-del-papa-de-luis-diaz-identifican-a-sospechosos-y-hay-nuevas-pistas\/#breadcrumb\",\"itemListElement\":[{\"@type\":\"ListItem\",\"position\":1,\"name\":\"Portada\",\"item\":\"https:\/\/futbolhoy.co\/\"},{\"@type\":\"ListItem\",\"position\":2,\"name\":\"Secuestro del pap\u00e1 de Luis D\u00edaz: identifican a sospechosos y hay nuevas pistas\"}]},{\"@type\":\"WebSite\",\"@id\":\"https:\/\/futbolhoy.co\/#website\",\"url\":\"https:\/\/futbolhoy.co\/\",\"name\":\"FutbolHoy\",\"description\":\"\",\"publisher\":{\"@id\":\"https:\/\/futbolhoy.co\/#organization\"},\"potentialAction\":[{\"@type\":\"SearchAction\",\"target\":{\"@type\":\"EntryPoint\",\"urlTemplate\":\"https:\/\/futbolhoy.co\/?s={search_term_string}\"},\"query-input\":{\"@type\":\"PropertyValueSpecification\",\"valueRequired\":true,\"valueName\":\"search_term_string\"}}],\"inLanguage\":\"es\"},{\"@type\":\"Organization\",\"@id\":\"https:\/\/futbolhoy.co\/#organization\",\"name\":\"Futbolhoy.co\",\"url\":\"https:\/\/futbolhoy.co\/\",\"logo\":{\"@type\":\"ImageObject\",\"inLanguage\":\"es\",\"@id\":\"https:\/\/futbolhoy.co\/#\/schema\/logo\/image\/\",\"url\":\"https:\/\/futbolhoy.co\/wp-content\/uploads\/2018\/08\/17426380_1906371736249227_6326180412931521141_n.jpg\",\"contentUrl\":\"https:\/\/futbolhoy.co\/wp-content\/uploads\/2018\/08\/17426380_1906371736249227_6326180412931521141_n.jpg\",\"width\":960,\"height\":960,\"caption\":\"Futbolhoy.co\"},\"image\":{\"@id\":\"https:\/\/futbolhoy.co\/#\/schema\/logo\/image\/\"},\"sameAs\":[\"https:\/\/www.facebook.com\/FutbolHoyCol\/\",\"https:\/\/x.com\/FutbolHoyCol\",\"https:\/\/www.instagram.com\/futbolhoycol\/\"]},{\"@type\":\"Person\",\"@id\":\"https:\/\/futbolhoy.co\/#\/schema\/person\/1721b69355b6623eaff15ac7b92d4cc3\",\"name\":\"contenido\",\"image\":{\"@type\":\"ImageObject\",\"inLanguage\":\"es\",\"@id\":\"https:\/\/futbolhoy.co\/#\/schema\/person\/image\/\",\"url\":\"https:\/\/secure.gravatar.com\/avatar\/4f656d3256f5134f466206e7c3941518?s=96&d=mm&r=g\",\"contentUrl\":\"https:\/\/secure.gravatar.com\/avatar\/4f656d3256f5134f466206e7c3941518?s=96&d=mm&r=g\",\"caption\":\"contenido\"}}]}<\/script>\n<!-- \/ Yoast SEO plugin. -->","yoast_head_json":{"title":"Secuestro del pap\u00e1 de Luis D\u00edaz: identifican a sospechosos y hay nuevas pistas -","robots":{"index":"index","follow":"follow","max-snippet":"max-snippet:-1","max-image-preview":"max-image-preview:large","max-video-preview":"max-video-preview:-1"},"canonical":"https:\/\/futbolhoy.co\/index.php\/2023\/10\/31\/secuestro-del-papa-de-luis-diaz-identifican-a-sospechosos-y-hay-nuevas-pistas\/","og_locale":"es_ES","og_type":"article","og_title":"Secuestro del pap\u00e1 de Luis D\u00edaz: identifican a sospechosos y hay nuevas pistas -","og_description":"Todav\u00eda est\u00e1 en vilo el paradero del pap\u00e1 de Luis D\u00edaz, quien fue secuestrado el pasado 28 de octubre en Barrancas, La Guajira, pero las autoridades confirmaron en las \u00faltimas horas que ya tendr\u00edan identificadas a varias personas que hicieron parte del secuestro. El general Alejandro Zapata, subdirector de la Polic\u00eda Nacional, confirm\u00f3 a medios [&hellip;]","og_url":"https:\/\/futbolhoy.co\/index.php\/2023\/10\/31\/secuestro-del-papa-de-luis-diaz-identifican-a-sospechosos-y-hay-nuevas-pistas\/","article_publisher":"https:\/\/www.facebook.com\/FutbolHoyCol\/","article_published_time":"2023-10-31T15:10:18+00:00","og_image":[{"width":2048,"height":1366,"url":"https:\/\/futbolhoy.co\/wp-content\/uploads\/2023\/10\/IMG_8795.jpeg","type":"image\/jpeg"}],"author":"contenido","twitter_card":"summary_large_image","twitter_creator":"@FutbolHoyCol","twitter_site":"@FutbolHoyCol","twitter_misc":{"Escrito por":"contenido","Tiempo de lectura":"1 minuto"},"schema":{"@context":"https:\/\/schema.org","@graph":[{"@type":"Article","@id":"https:\/\/futbolhoy.co\/index.php\/2023\/10\/31\/secuestro-del-papa-de-luis-diaz-identifican-a-sospechosos-y-hay-nuevas-pistas\/#article","isPartOf":{"@id":"https:\/\/futbolhoy.co\/index.php\/2023\/10\/31\/secuestro-del-papa-de-luis-diaz-identifican-a-sospechosos-y-hay-nuevas-pistas\/"},"author":{"name":"contenido","@id":"https:\/\/futbolhoy.co\/#\/schema\/person\/1721b69355b6623eaff15ac7b92d4cc3"},"headline":"Secuestro del pap\u00e1 de Luis D\u00edaz: identifican a sospechosos y hay nuevas pistas","datePublished":"2023-10-31T15:10:18+00:00","mainEntityOfPage":{"@id":"https:\/\/futbolhoy.co\/index.php\/2023\/10\/31\/secuestro-del-papa-de-luis-diaz-identifican-a-sospechosos-y-hay-nuevas-pistas\/"},"wordCount":168,"commentCount":0,"publisher":{"@id":"https:\/\/futbolhoy.co\/#organization"},"image":{"@id":"https:\/\/futbolhoy.co\/index.php\/2023\/10\/31\/secuestro-del-papa-de-luis-diaz-identifican-a-sospechosos-y-hay-nuevas-pistas\/#primaryimage"},"thumbnailUrl":"https:\/\/futbolhoy.co\/wp-content\/uploads\/2023\/10\/IMG_8795.jpeg","articleSection":["Destacados"],"inLanguage":"es","potentialAction":[{"@type":"CommentAction","name":"Comment","target":["https:\/\/futbolhoy.co\/index.php\/2023\/10\/31\/secuestro-del-papa-de-luis-diaz-identifican-a-sospechosos-y-hay-nuevas-pistas\/#respond"]}]},{"@type":"WebPage","@id":"https:\/\/futbolhoy.co\/index.php\/2023\/10\/31\/secuestro-del-papa-de-luis-diaz-identifican-a-sospechosos-y-hay-nuevas-pistas\/","url":"https:\/\/futbolhoy.co\/index.php\/2023\/10\/31\/secuestro-del-papa-de-luis-diaz-identifican-a-sospechosos-y-hay-nuevas-pistas\/","name":"Secuestro del pap\u00e1 de Luis D\u00edaz: identifican a sospechosos y hay nuevas pistas -","isPartOf":{"@id":"https:\/\/futbolhoy.co\/#website"},"primaryImageOfPage":{"@id":"https:\/\/futbolhoy.co\/index.php\/2023\/10\/31\/secuestro-del-papa-de-luis-diaz-identifican-a-sospechosos-y-hay-nuevas-pistas\/#primaryimage"},"image":{"@id":"https:\/\/futbolhoy.co\/index.php\/2023\/10\/31\/secuestro-del-papa-de-luis-diaz-identifican-a-sospechosos-y-hay-nuevas-pistas\/#primaryimage"},"thumbnailUrl":"https:\/\/futbolhoy.co\/wp-content\/uploads\/2023\/10\/IMG_8795.jpeg","datePublished":"2023-10-31T15:10:18+00:00","breadcrumb":{"@id":"https:\/\/futbolhoy.co\/index.php\/2023\/10\/31\/secuestro-del-papa-de-luis-diaz-identifican-a-sospechosos-y-hay-nuevas-pistas\/#breadcrumb"},"inLanguage":"es","potentialAction":[{"@type":"ReadAction","target":["https:\/\/futbolhoy.co\/index.php\/2023\/10\/31\/secuestro-del-papa-de-luis-diaz-identifican-a-sospechosos-y-hay-nuevas-pistas\/"]}]},{"@type":"ImageObject","inLanguage":"es","@id":"https:\/\/futbolhoy.co\/index.php\/2023\/10\/31\/secuestro-del-papa-de-luis-diaz-identifican-a-sospechosos-y-hay-nuevas-pistas\/#primaryimage","url":"https:\/\/futbolhoy.co\/wp-content\/uploads\/2023\/10\/IMG_8795.jpeg","contentUrl":"https:\/\/futbolhoy.co\/wp-content\/uploads\/2023\/10\/IMG_8795.jpeg","width":2048,"height":1366},{"@type":"BreadcrumbList","@id":"https:\/\/futbolhoy.co\/index.php\/2023\/10\/31\/secuestro-del-papa-de-luis-diaz-identifican-a-sospechosos-y-hay-nuevas-pistas\/#breadcrumb","itemListElement":[{"@type":"ListItem","position":1,"name":"Portada","item":"https:\/\/futbolhoy.co\/"},{"@type":"ListItem","position":2,"name":"Secuestro del pap\u00e1 de Luis D\u00edaz: identifican a sospechosos y hay nuevas pistas"}]},{"@type":"WebSite","@id":"https:\/\/futbolhoy.co\/#website","url":"https:\/\/futbolhoy.co\/","name":"FutbolHoy","description":"","publisher":{"@id":"https:\/\/futbolhoy.co\/#organization"},"potentialAction":[{"@type":"SearchAction","target":{"@type":"EntryPoint","urlTemplate":"https:\/\/futbolhoy.co\/?s={search_term_string}"},"query-input":{"@type":"PropertyValueSpecification","valueRequired":true,"valueName":"search_term_string"}}],"inLanguage":"es"},{"@type":"Organization","@id":"https:\/\/futbolhoy.co\/#organization","name":"Futbolhoy.co","url":"https:\/\/futbolhoy.co\/","logo":{"@type":"ImageObject","inLanguage":"es","@id":"https:\/\/futbolhoy.co\/#\/schema\/logo\/image\/","url":"https:\/\/futbolhoy.co\/wp-content\/uploads\/2018\/08\/17426380_1906371736249227_6326180412931521141_n.jpg","contentUrl":"https:\/\/futbolhoy.co\/wp-content\/uploads\/2018\/08\/17426380_1906371736249227_6326180412931521141_n.jpg","width":960,"height":960,"caption":"Futbolhoy.co"},"image":{"@id":"https:\/\/futbolhoy.co\/#\/schema\/logo\/image\/"},"sameAs":["https:\/\/www.facebook.com\/FutbolHoyCol\/","https:\/\/x.com\/FutbolHoyCol","https:\/\/www.instagram.com\/futbolhoycol\/"]},{"@type":"Person","@id":"https:\/\/futbolhoy.co\/#\/schema\/person\/1721b69355b6623eaff15ac7b92d4cc3","name":"contenido","image":{"@type":"ImageObject","inLanguage":"es","@id":"https:\/\/futbolhoy.co\/#\/schema\/person\/image\/","url":"https:\/\/secure.gravatar.com\/avatar\/4f656d3256f5134f466206e7c3941518?s=96&d=mm&r=g","contentUrl":"https:\/\/secure.gravatar.com\/avatar\/4f656d3256f5134f466206e7c3941518?s=96&d=mm&r=g","caption":"contenido"}}]}},"publishpress_future_action":{"enabled":false,"date":"2026-05-06 14:00:20","action":"change-status","newStatus":"draft","terms":[],"taxonomy":"category","extraData":[]},"publishpress_future_workflow_manual_trigger":{"enabledWorkflows":[]},"_links":{"self":[{"href":"https:\/\/futbolhoy.co\/index.php\/wp-json\/wp\/v2\/posts\/100608","targetHints":{"allow":["GET"]}}],"collection":[{"href":"https:\/\/futbolhoy.co\/index.php\/wp-json\/wp\/v2\/posts"}],"about":[{"href":"https:\/\/futbolhoy.co\/index.php\/wp-json\/wp\/v2\/types\/post"}],"author":[{"embeddable":true,"href":"https:\/\/futbolhoy.co\/index.php\/wp-json\/wp\/v2\/users\/4"}],"replies":[{"embeddable":true,"href":"https:\/\/futbolhoy.co\/index.php\/wp-json\/wp\/v2\/comments?post=100608"}],"version-history":[{"count":1,"href":"https:\/\/futbolhoy.co\/index.php\/wp-json\/wp\/v2\/posts\/100608\/revisions"}],"predecessor-version":[{"id":100609,"href":"https:\/\/futbolhoy.co\/index.php\/wp-json\/wp\/v2\/posts\/100608\/revisions\/100609"}],"wp:featuredmedia":[{"embeddable":true,"href":"https:\/\/futbolhoy.co\/index.php\/wp-json\/wp\/v2\/media\/100552"}],"wp:attachment":[{"href":"https:\/\/futbolhoy.co\/index.php\/wp-json\/wp\/v2\/media?parent=100608"}],"wp:term":[{"taxonomy":"category","embeddable":true,"href":"https:\/\/futbolhoy.co\/index.php\/wp-json\/wp\/v2\/categories?post=100608"},{"taxonomy":"post_tag","embeddable":true,"href":"https:\/\/futbolhoy.co\/index.php\/wp-json\/wp\/v2\/tags?post=100608"}],"curies":[{"name":"wp","href":"https:\/\/api.w.org\/{rel}","templated":true}]}}