{"id":100613,"date":"2023-10-31T14:26:04","date_gmt":"2023-10-31T19:26:04","guid":{"rendered":"https:\/\/futbolhoy.co\/?p=100613"},"modified":"2023-11-01T12:02:55","modified_gmt":"2023-11-01T17:02:55","slug":"mundial-del-2034-ya-tiene-sede-oficial","status":"publish","type":"post","link":"https:\/\/futbolhoy.co\/index.php\/2023\/10\/31\/mundial-del-2034-ya-tiene-sede-oficial\/","title":{"rendered":"Mundial del 2034 ya tiene sede oficial"},"content":{"rendered":"<p>El presidente de la <strong>FIFA, Gianni Infantino,<\/strong> confirm\u00f3 a trav\u00e9s de una publicaci\u00f3n en su cuenta de Instagram que el Mundial 2034 se disputar\u00e1 en <strong>Arabia Saudita,<\/strong> pa\u00eds cuya candidatura present\u00f3 la declaraci\u00f3n de inter\u00e9s para organizar el certamen.<\/p>\n<p>\"El mejor espect\u00e1culo de la tierra ser\u00e1 organizado por<strong> Canad\u00e1, M\u00e9xico y Estados Unidos<\/strong> en el 2026 en <strong>Norteam\u00e9rica.<\/strong> Las pr\u00f3ximas dos ediciones de la <strong>Copa Mundial de la FIFA<\/strong> se celebrar\u00e1n en<strong> \u00c1frica (Marruecos), Europa (Portugal y Espa\u00f1a)<\/strong> -con tres partidos jugados en<strong> Am\u00e9rica del Sur (Argentina, Paraguay y Uruguay)<\/strong>- en 20230 y en <strong>Asia (Arabia Saud\u00ed)<\/strong> en 2034. Tres ediciones, cinco continentes y diez pa\u00edses involucrados en el torneo. \u00a1Eso est\u00e1 haciendo que el f\u00fatbol sea verdaderamente global\", indic\u00f3.<\/p>\n<p>Infantino explic\u00f3 que \"los procesos de licitaci\u00f3n fueron aprobados por consenso a trav\u00e9s del Consejo de la FIFA, donde est\u00e1n representadas las seis confederaciones, despu\u00e9s de un di\u00e1logo constructivo y una extensa consulta. Gracias a todos los que han participado en este intercambio positivo\".<\/p>\n","protected":false},"excerpt":{"rendered":"<p>El presidente de la FIFA, Gianni Infantino, confirm\u00f3 a trav\u00e9s de una publicaci\u00f3n en su cuenta de Instagram que el Mundial 2034 se disputar\u00e1 en Arabia Saudita, pa\u00eds cuya candidatura present\u00f3 la declaraci\u00f3n de inter\u00e9s para organizar el certamen. \"El mejor espect\u00e1culo de la tierra ser\u00e1 organizado por Canad\u00e1, M\u00e9xico y Estados Unidos en el [&hellip;]<\/p>\n","protected":false},"author":4,"featured_media":18988,"comment_status":"open","ping_status":"open","sticky":false,"template":"","format":"standard","meta":{"_acf_changed":false,"footnotes":""},"categories":[152],"tags":[],"class_list":{"0":"post-100613","1":"post","2":"type-post","3":"status-publish","4":"format-standard","5":"has-post-thumbnail","7":"category-mundo-futbol"},"acf":[],"yoast_head":"<!-- This site is optimized with the Yoast SEO plugin v26.8 - https:\/\/yoast.com\/product\/yoast-seo-wordpress\/ -->\n<title>Mundial del 2034 ya tiene sede oficial -<\/title>\n<meta name=\"robots\" content=\"index, follow, max-snippet:-1, max-image-preview:large, max-video-preview:-1\" \/>\n<link rel=\"canonical\" href=\"https:\/\/futbolhoy.co\/index.php\/2023\/10\/31\/mundial-del-2034-ya-tiene-sede-oficial\/\" \/>\n<meta property=\"og:locale\" content=\"es_ES\" \/>\n<meta property=\"og:type\" content=\"article\" \/>\n<meta property=\"og:title\" content=\"Mundial del 2034 ya tiene sede oficial -\" \/>\n<meta property=\"og:description\" content=\"El presidente de la FIFA, Gianni Infantino, confirm\u00f3 a trav\u00e9s de una publicaci\u00f3n en su cuenta de Instagram que el Mundial 2034 se disputar\u00e1 en Arabia Saudita, pa\u00eds cuya candidatura present\u00f3 la declaraci\u00f3n de inter\u00e9s para organizar el certamen. &quot;El mejor espect\u00e1culo de la tierra ser\u00e1 organizado por Canad\u00e1, M\u00e9xico y Estados Unidos en el [&hellip;]\" \/>\n<meta property=\"og:url\" content=\"https:\/\/futbolhoy.co\/index.php\/2023\/10\/31\/mundial-del-2034-ya-tiene-sede-oficial\/\" \/>\n<meta property=\"article:publisher\" content=\"https:\/\/www.facebook.com\/FutbolHoyCol\/\" \/>\n<meta property=\"article:published_time\" content=\"2023-10-31T19:26:04+00:00\" \/>\n<meta property=\"article:modified_time\" content=\"2023-11-01T17:02:55+00:00\" \/>\n<meta property=\"og:image\" content=\"https:\/\/futbolhoy.co\/wp-content\/uploads\/2018\/05\/01-Estados-Unidos-M\u00e9xico-y-Canad\u00e1-someten-oferta-conjunta-para-la-la-Copa-Mundial-2016.jpg\" \/>\n\t<meta property=\"og:image:width\" content=\"768\" \/>\n\t<meta property=\"og:image:height\" content=\"512\" \/>\n\t<meta property=\"og:image:type\" content=\"image\/jpeg\" \/>\n<meta name=\"author\" content=\"contenido\" \/>\n<meta name=\"twitter:card\" content=\"summary_large_image\" \/>\n<meta name=\"twitter:creator\" content=\"@FutbolHoyCol\" \/>\n<meta name=\"twitter:site\" content=\"@FutbolHoyCol\" \/>\n<meta name=\"twitter:label1\" content=\"Escrito por\" \/>\n\t<meta name=\"twitter:data1\" content=\"contenido\" \/>\n\t<meta name=\"twitter:label2\" content=\"Tiempo de lectura\" \/>\n\t<meta name=\"twitter:data2\" content=\"1 minuto\" \/>\n<script type=\"application\/ld+json\" class=\"yoast-schema-graph\">{\"@context\":\"https:\/\/schema.org\",\"@graph\":[{\"@type\":\"Article\",\"@id\":\"https:\/\/futbolhoy.co\/index.php\/2023\/10\/31\/mundial-del-2034-ya-tiene-sede-oficial\/#article\",\"isPartOf\":{\"@id\":\"https:\/\/futbolhoy.co\/index.php\/2023\/10\/31\/mundial-del-2034-ya-tiene-sede-oficial\/\"},\"author\":{\"name\":\"contenido\",\"@id\":\"https:\/\/futbolhoy.co\/#\/schema\/person\/1721b69355b6623eaff15ac7b92d4cc3\"},\"headline\":\"Mundial del 2034 ya tiene sede oficial\",\"datePublished\":\"2023-10-31T19:26:04+00:00\",\"dateModified\":\"2023-11-01T17:02:55+00:00\",\"mainEntityOfPage\":{\"@id\":\"https:\/\/futbolhoy.co\/index.php\/2023\/10\/31\/mundial-del-2034-ya-tiene-sede-oficial\/\"},\"wordCount\":186,\"commentCount\":0,\"publisher\":{\"@id\":\"https:\/\/futbolhoy.co\/#organization\"},\"image\":{\"@id\":\"https:\/\/futbolhoy.co\/index.php\/2023\/10\/31\/mundial-del-2034-ya-tiene-sede-oficial\/#primaryimage\"},\"thumbnailUrl\":\"https:\/\/futbolhoy.co\/wp-content\/uploads\/2018\/05\/01-Estados-Unidos-M\u00e9xico-y-Canad\u00e1-someten-oferta-conjunta-para-la-la-Copa-Mundial-2016.jpg\",\"articleSection\":[\"Mundo Futbol\"],\"inLanguage\":\"es\",\"potentialAction\":[{\"@type\":\"CommentAction\",\"name\":\"Comment\",\"target\":[\"https:\/\/futbolhoy.co\/index.php\/2023\/10\/31\/mundial-del-2034-ya-tiene-sede-oficial\/#respond\"]}]},{\"@type\":\"WebPage\",\"@id\":\"https:\/\/futbolhoy.co\/index.php\/2023\/10\/31\/mundial-del-2034-ya-tiene-sede-oficial\/\",\"url\":\"https:\/\/futbolhoy.co\/index.php\/2023\/10\/31\/mundial-del-2034-ya-tiene-sede-oficial\/\",\"name\":\"Mundial del 2034 ya tiene sede oficial -\",\"isPartOf\":{\"@id\":\"https:\/\/futbolhoy.co\/#website\"},\"primaryImageOfPage\":{\"@id\":\"https:\/\/futbolhoy.co\/index.php\/2023\/10\/31\/mundial-del-2034-ya-tiene-sede-oficial\/#primaryimage\"},\"image\":{\"@id\":\"https:\/\/futbolhoy.co\/index.php\/2023\/10\/31\/mundial-del-2034-ya-tiene-sede-oficial\/#primaryimage\"},\"thumbnailUrl\":\"https:\/\/futbolhoy.co\/wp-content\/uploads\/2018\/05\/01-Estados-Unidos-M\u00e9xico-y-Canad\u00e1-someten-oferta-conjunta-para-la-la-Copa-Mundial-2016.jpg\",\"datePublished\":\"2023-10-31T19:26:04+00:00\",\"dateModified\":\"2023-11-01T17:02:55+00:00\",\"breadcrumb\":{\"@id\":\"https:\/\/futbolhoy.co\/index.php\/2023\/10\/31\/mundial-del-2034-ya-tiene-sede-oficial\/#breadcrumb\"},\"inLanguage\":\"es\",\"potentialAction\":[{\"@type\":\"ReadAction\",\"target\":[\"https:\/\/futbolhoy.co\/index.php\/2023\/10\/31\/mundial-del-2034-ya-tiene-sede-oficial\/\"]}]},{\"@type\":\"ImageObject\",\"inLanguage\":\"es\",\"@id\":\"https:\/\/futbolhoy.co\/index.php\/2023\/10\/31\/mundial-del-2034-ya-tiene-sede-oficial\/#primaryimage\",\"url\":\"https:\/\/futbolhoy.co\/wp-content\/uploads\/2018\/05\/01-Estados-Unidos-M\u00e9xico-y-Canad\u00e1-someten-oferta-conjunta-para-la-la-Copa-Mundial-2016.jpg\",\"contentUrl\":\"https:\/\/futbolhoy.co\/wp-content\/uploads\/2018\/05\/01-Estados-Unidos-M\u00e9xico-y-Canad\u00e1-someten-oferta-conjunta-para-la-la-Copa-Mundial-2016.jpg\",\"width\":768,\"height\":512},{\"@type\":\"BreadcrumbList\",\"@id\":\"https:\/\/futbolhoy.co\/index.php\/2023\/10\/31\/mundial-del-2034-ya-tiene-sede-oficial\/#breadcrumb\",\"itemListElement\":[{\"@type\":\"ListItem\",\"position\":1,\"name\":\"Portada\",\"item\":\"https:\/\/futbolhoy.co\/\"},{\"@type\":\"ListItem\",\"position\":2,\"name\":\"Mundial del 2034 ya tiene sede oficial\"}]},{\"@type\":\"WebSite\",\"@id\":\"https:\/\/futbolhoy.co\/#website\",\"url\":\"https:\/\/futbolhoy.co\/\",\"name\":\"FutbolHoy\",\"description\":\"\",\"publisher\":{\"@id\":\"https:\/\/futbolhoy.co\/#organization\"},\"potentialAction\":[{\"@type\":\"SearchAction\",\"target\":{\"@type\":\"EntryPoint\",\"urlTemplate\":\"https:\/\/futbolhoy.co\/?s={search_term_string}\"},\"query-input\":{\"@type\":\"PropertyValueSpecification\",\"valueRequired\":true,\"valueName\":\"search_term_string\"}}],\"inLanguage\":\"es\"},{\"@type\":\"Organization\",\"@id\":\"https:\/\/futbolhoy.co\/#organization\",\"name\":\"Futbolhoy.co\",\"url\":\"https:\/\/futbolhoy.co\/\",\"logo\":{\"@type\":\"ImageObject\",\"inLanguage\":\"es\",\"@id\":\"https:\/\/futbolhoy.co\/#\/schema\/logo\/image\/\",\"url\":\"https:\/\/futbolhoy.co\/wp-content\/uploads\/2018\/08\/17426380_1906371736249227_6326180412931521141_n.jpg\",\"contentUrl\":\"https:\/\/futbolhoy.co\/wp-content\/uploads\/2018\/08\/17426380_1906371736249227_6326180412931521141_n.jpg\",\"width\":960,\"height\":960,\"caption\":\"Futbolhoy.co\"},\"image\":{\"@id\":\"https:\/\/futbolhoy.co\/#\/schema\/logo\/image\/\"},\"sameAs\":[\"https:\/\/www.facebook.com\/FutbolHoyCol\/\",\"https:\/\/x.com\/FutbolHoyCol\",\"https:\/\/www.instagram.com\/futbolhoycol\/\"]},{\"@type\":\"Person\",\"@id\":\"https:\/\/futbolhoy.co\/#\/schema\/person\/1721b69355b6623eaff15ac7b92d4cc3\",\"name\":\"contenido\",\"image\":{\"@type\":\"ImageObject\",\"inLanguage\":\"es\",\"@id\":\"https:\/\/futbolhoy.co\/#\/schema\/person\/image\/\",\"url\":\"https:\/\/secure.gravatar.com\/avatar\/4f656d3256f5134f466206e7c3941518?s=96&d=mm&r=g\",\"contentUrl\":\"https:\/\/secure.gravatar.com\/avatar\/4f656d3256f5134f466206e7c3941518?s=96&d=mm&r=g\",\"caption\":\"contenido\"}}]}<\/script>\n<!-- \/ Yoast SEO plugin. -->","yoast_head_json":{"title":"Mundial del 2034 ya tiene sede oficial -","robots":{"index":"index","follow":"follow","max-snippet":"max-snippet:-1","max-image-preview":"max-image-preview:large","max-video-preview":"max-video-preview:-1"},"canonical":"https:\/\/futbolhoy.co\/index.php\/2023\/10\/31\/mundial-del-2034-ya-tiene-sede-oficial\/","og_locale":"es_ES","og_type":"article","og_title":"Mundial del 2034 ya tiene sede oficial -","og_description":"El presidente de la FIFA, Gianni Infantino, confirm\u00f3 a trav\u00e9s de una publicaci\u00f3n en su cuenta de Instagram que el Mundial 2034 se disputar\u00e1 en Arabia Saudita, pa\u00eds cuya candidatura present\u00f3 la declaraci\u00f3n de inter\u00e9s para organizar el certamen. \"El mejor espect\u00e1culo de la tierra ser\u00e1 organizado por Canad\u00e1, M\u00e9xico y Estados Unidos en el [&hellip;]","og_url":"https:\/\/futbolhoy.co\/index.php\/2023\/10\/31\/mundial-del-2034-ya-tiene-sede-oficial\/","article_publisher":"https:\/\/www.facebook.com\/FutbolHoyCol\/","article_published_time":"2023-10-31T19:26:04+00:00","article_modified_time":"2023-11-01T17:02:55+00:00","og_image":[{"width":768,"height":512,"url":"https:\/\/futbolhoy.co\/wp-content\/uploads\/2018\/05\/01-Estados-Unidos-M\u00e9xico-y-Canad\u00e1-someten-oferta-conjunta-para-la-la-Copa-Mundial-2016.jpg","type":"image\/jpeg"}],"author":"contenido","twitter_card":"summary_large_image","twitter_creator":"@FutbolHoyCol","twitter_site":"@FutbolHoyCol","twitter_misc":{"Escrito por":"contenido","Tiempo de lectura":"1 minuto"},"schema":{"@context":"https:\/\/schema.org","@graph":[{"@type":"Article","@id":"https:\/\/futbolhoy.co\/index.php\/2023\/10\/31\/mundial-del-2034-ya-tiene-sede-oficial\/#article","isPartOf":{"@id":"https:\/\/futbolhoy.co\/index.php\/2023\/10\/31\/mundial-del-2034-ya-tiene-sede-oficial\/"},"author":{"name":"contenido","@id":"https:\/\/futbolhoy.co\/#\/schema\/person\/1721b69355b6623eaff15ac7b92d4cc3"},"headline":"Mundial del 2034 ya tiene sede oficial","datePublished":"2023-10-31T19:26:04+00:00","dateModified":"2023-11-01T17:02:55+00:00","mainEntityOfPage":{"@id":"https:\/\/futbolhoy.co\/index.php\/2023\/10\/31\/mundial-del-2034-ya-tiene-sede-oficial\/"},"wordCount":186,"commentCount":0,"publisher":{"@id":"https:\/\/futbolhoy.co\/#organization"},"image":{"@id":"https:\/\/futbolhoy.co\/index.php\/2023\/10\/31\/mundial-del-2034-ya-tiene-sede-oficial\/#primaryimage"},"thumbnailUrl":"https:\/\/futbolhoy.co\/wp-content\/uploads\/2018\/05\/01-Estados-Unidos-M\u00e9xico-y-Canad\u00e1-someten-oferta-conjunta-para-la-la-Copa-Mundial-2016.jpg","articleSection":["Mundo Futbol"],"inLanguage":"es","potentialAction":[{"@type":"CommentAction","name":"Comment","target":["https:\/\/futbolhoy.co\/index.php\/2023\/10\/31\/mundial-del-2034-ya-tiene-sede-oficial\/#respond"]}]},{"@type":"WebPage","@id":"https:\/\/futbolhoy.co\/index.php\/2023\/10\/31\/mundial-del-2034-ya-tiene-sede-oficial\/","url":"https:\/\/futbolhoy.co\/index.php\/2023\/10\/31\/mundial-del-2034-ya-tiene-sede-oficial\/","name":"Mundial del 2034 ya tiene sede oficial -","isPartOf":{"@id":"https:\/\/futbolhoy.co\/#website"},"primaryImageOfPage":{"@id":"https:\/\/futbolhoy.co\/index.php\/2023\/10\/31\/mundial-del-2034-ya-tiene-sede-oficial\/#primaryimage"},"image":{"@id":"https:\/\/futbolhoy.co\/index.php\/2023\/10\/31\/mundial-del-2034-ya-tiene-sede-oficial\/#primaryimage"},"thumbnailUrl":"https:\/\/futbolhoy.co\/wp-content\/uploads\/2018\/05\/01-Estados-Unidos-M\u00e9xico-y-Canad\u00e1-someten-oferta-conjunta-para-la-la-Copa-Mundial-2016.jpg","datePublished":"2023-10-31T19:26:04+00:00","dateModified":"2023-11-01T17:02:55+00:00","breadcrumb":{"@id":"https:\/\/futbolhoy.co\/index.php\/2023\/10\/31\/mundial-del-2034-ya-tiene-sede-oficial\/#breadcrumb"},"inLanguage":"es","potentialAction":[{"@type":"ReadAction","target":["https:\/\/futbolhoy.co\/index.php\/2023\/10\/31\/mundial-del-2034-ya-tiene-sede-oficial\/"]}]},{"@type":"ImageObject","inLanguage":"es","@id":"https:\/\/futbolhoy.co\/index.php\/2023\/10\/31\/mundial-del-2034-ya-tiene-sede-oficial\/#primaryimage","url":"https:\/\/futbolhoy.co\/wp-content\/uploads\/2018\/05\/01-Estados-Unidos-M\u00e9xico-y-Canad\u00e1-someten-oferta-conjunta-para-la-la-Copa-Mundial-2016.jpg","contentUrl":"https:\/\/futbolhoy.co\/wp-content\/uploads\/2018\/05\/01-Estados-Unidos-M\u00e9xico-y-Canad\u00e1-someten-oferta-conjunta-para-la-la-Copa-Mundial-2016.jpg","width":768,"height":512},{"@type":"BreadcrumbList","@id":"https:\/\/futbolhoy.co\/index.php\/2023\/10\/31\/mundial-del-2034-ya-tiene-sede-oficial\/#breadcrumb","itemListElement":[{"@type":"ListItem","position":1,"name":"Portada","item":"https:\/\/futbolhoy.co\/"},{"@type":"ListItem","position":2,"name":"Mundial del 2034 ya tiene sede oficial"}]},{"@type":"WebSite","@id":"https:\/\/futbolhoy.co\/#website","url":"https:\/\/futbolhoy.co\/","name":"FutbolHoy","description":"","publisher":{"@id":"https:\/\/futbolhoy.co\/#organization"},"potentialAction":[{"@type":"SearchAction","target":{"@type":"EntryPoint","urlTemplate":"https:\/\/futbolhoy.co\/?s={search_term_string}"},"query-input":{"@type":"PropertyValueSpecification","valueRequired":true,"valueName":"search_term_string"}}],"inLanguage":"es"},{"@type":"Organization","@id":"https:\/\/futbolhoy.co\/#organization","name":"Futbolhoy.co","url":"https:\/\/futbolhoy.co\/","logo":{"@type":"ImageObject","inLanguage":"es","@id":"https:\/\/futbolhoy.co\/#\/schema\/logo\/image\/","url":"https:\/\/futbolhoy.co\/wp-content\/uploads\/2018\/08\/17426380_1906371736249227_6326180412931521141_n.jpg","contentUrl":"https:\/\/futbolhoy.co\/wp-content\/uploads\/2018\/08\/17426380_1906371736249227_6326180412931521141_n.jpg","width":960,"height":960,"caption":"Futbolhoy.co"},"image":{"@id":"https:\/\/futbolhoy.co\/#\/schema\/logo\/image\/"},"sameAs":["https:\/\/www.facebook.com\/FutbolHoyCol\/","https:\/\/x.com\/FutbolHoyCol","https:\/\/www.instagram.com\/futbolhoycol\/"]},{"@type":"Person","@id":"https:\/\/futbolhoy.co\/#\/schema\/person\/1721b69355b6623eaff15ac7b92d4cc3","name":"contenido","image":{"@type":"ImageObject","inLanguage":"es","@id":"https:\/\/futbolhoy.co\/#\/schema\/person\/image\/","url":"https:\/\/secure.gravatar.com\/avatar\/4f656d3256f5134f466206e7c3941518?s=96&d=mm&r=g","contentUrl":"https:\/\/secure.gravatar.com\/avatar\/4f656d3256f5134f466206e7c3941518?s=96&d=mm&r=g","caption":"contenido"}}]}},"publishpress_future_action":{"enabled":false,"date":"2026-05-06 11:28:13","action":"change-status","newStatus":"draft","terms":[],"taxonomy":"category","extraData":[]},"publishpress_future_workflow_manual_trigger":{"enabledWorkflows":[]},"_links":{"self":[{"href":"https:\/\/futbolhoy.co\/index.php\/wp-json\/wp\/v2\/posts\/100613","targetHints":{"allow":["GET"]}}],"collection":[{"href":"https:\/\/futbolhoy.co\/index.php\/wp-json\/wp\/v2\/posts"}],"about":[{"href":"https:\/\/futbolhoy.co\/index.php\/wp-json\/wp\/v2\/types\/post"}],"author":[{"embeddable":true,"href":"https:\/\/futbolhoy.co\/index.php\/wp-json\/wp\/v2\/users\/4"}],"replies":[{"embeddable":true,"href":"https:\/\/futbolhoy.co\/index.php\/wp-json\/wp\/v2\/comments?post=100613"}],"version-history":[{"count":1,"href":"https:\/\/futbolhoy.co\/index.php\/wp-json\/wp\/v2\/posts\/100613\/revisions"}],"predecessor-version":[{"id":100616,"href":"https:\/\/futbolhoy.co\/index.php\/wp-json\/wp\/v2\/posts\/100613\/revisions\/100616"}],"wp:featuredmedia":[{"embeddable":true,"href":"https:\/\/futbolhoy.co\/index.php\/wp-json\/wp\/v2\/media\/18988"}],"wp:attachment":[{"href":"https:\/\/futbolhoy.co\/index.php\/wp-json\/wp\/v2\/media?parent=100613"}],"wp:term":[{"taxonomy":"category","embeddable":true,"href":"https:\/\/futbolhoy.co\/index.php\/wp-json\/wp\/v2\/categories?post=100613"},{"taxonomy":"post_tag","embeddable":true,"href":"https:\/\/futbolhoy.co\/index.php\/wp-json\/wp\/v2\/tags?post=100613"}],"curies":[{"name":"wp","href":"https:\/\/api.w.org\/{rel}","templated":true}]}}