{"id":100617,"date":"2023-10-31T19:49:09","date_gmt":"2023-11-01T00:49:09","guid":{"rendered":"https:\/\/futbolhoy.co\/?p=100617"},"modified":"2023-11-01T12:25:25","modified_gmt":"2023-11-01T17:25:25","slug":"juan-pablo-vargas-para-rato-renovo-con-millonarios","status":"publish","type":"post","link":"https:\/\/futbolhoy.co\/index.php\/2023\/10\/31\/juan-pablo-vargas-para-rato-renovo-con-millonarios\/","title":{"rendered":"Juan Pablo Vargas para rato: renov\u00f3 con Millonarios"},"content":{"rendered":"<p style=\"text-align: justify;\"><span style=\"font-family: helvetica, arial, sans-serif;\">La noticia que los hinchas de <strong>Millonarios<\/strong> estaban esperando por fin se produjo: <strong>Juan Pablo Vargas<\/strong> seguir\u00e1 ligado al club, luego de que se anunciara su renovaci\u00f3n mediante redes sociales.<\/span><\/p>\n<p style=\"text-align: justify;\"><span style=\"font-family: helvetica, arial, sans-serif;\">\"\u00a1Pura vida mae! Juan Pablo Vargas ha renovado su contrato con la instituci\u00f3n. \u00a1Vamos por m\u00e1s Juan Pa!\u201d, fue la publicaci\u00f3n del equipo bogotano.<\/span><\/p>\n<p style=\"text-align: justify;\"><span style=\"font-family: helvetica, arial, sans-serif;\">El contrato de Vargas est\u00e1 firmado hasta diciembre del 2026. <\/span><span style=\"font-family: helvetica, arial, sans-serif;\">Su renovaci\u00f3n se produjo despu\u00e9s de una larga novela, en la que incluso alcanz\u00f3 a entrar en negociaciones con el <strong>Santos<\/strong> de <strong>Brasil,<\/strong> pero no s\u00e9 lleg\u00f3 a buen puerto, pues no pas\u00f3 el reconocimiento m\u00e9dico.<\/span><\/p>\n<p style=\"text-align: justify;\"><span style=\"font-family: helvetica, arial, sans-serif;\">El costarricense de 28 a\u00f1os se recupera de una contractura muscular en su aductor mayor izquierdo, seg\u00fan el reporte m\u00e9dico de Millonarios, y regresar\u00eda a las canchas para el duelo de ida contra <strong>C\u00facuta Deportivo<\/strong> por las semifinales de la <strong>Copa Colombia.<\/strong><\/span><\/p>\n","protected":false},"excerpt":{"rendered":"<p>La noticia que los hinchas de Millonarios estaban esperando por fin se produjo: Juan Pablo Vargas seguir\u00e1 ligado al club, luego de que se anunciara su renovaci\u00f3n mediante redes sociales. \"\u00a1Pura vida mae! Juan Pablo Vargas ha renovado su contrato con la instituci\u00f3n. \u00a1Vamos por m\u00e1s Juan Pa!\u201d, fue la publicaci\u00f3n del equipo bogotano. El [&hellip;]<\/p>\n","protected":false},"author":4,"featured_media":100618,"comment_status":"open","ping_status":"open","sticky":false,"template":"","format":"standard","meta":{"_acf_changed":false,"footnotes":""},"categories":[7],"tags":[],"class_list":{"0":"post-100617","1":"post","2":"type-post","3":"status-publish","4":"format-standard","5":"has-post-thumbnail","7":"category-liga-betplay"},"acf":[],"yoast_head":"<!-- This site is optimized with the Yoast SEO plugin v26.8 - https:\/\/yoast.com\/product\/yoast-seo-wordpress\/ -->\n<title>Juan Pablo Vargas para rato: renov\u00f3 con Millonarios -<\/title>\n<meta name=\"robots\" content=\"index, follow, max-snippet:-1, max-image-preview:large, max-video-preview:-1\" \/>\n<link rel=\"canonical\" href=\"https:\/\/futbolhoy.co\/index.php\/2023\/10\/31\/juan-pablo-vargas-para-rato-renovo-con-millonarios\/\" \/>\n<meta property=\"og:locale\" content=\"es_ES\" \/>\n<meta property=\"og:type\" content=\"article\" \/>\n<meta property=\"og:title\" content=\"Juan Pablo Vargas para rato: renov\u00f3 con Millonarios -\" \/>\n<meta property=\"og:description\" content=\"La noticia que los hinchas de Millonarios estaban esperando por fin se produjo: Juan Pablo Vargas seguir\u00e1 ligado al club, luego de que se anunciara su renovaci\u00f3n mediante redes sociales. &quot;\u00a1Pura vida mae! Juan Pablo Vargas ha renovado su contrato con la instituci\u00f3n. \u00a1Vamos por m\u00e1s Juan Pa!\u201d, fue la publicaci\u00f3n del equipo bogotano. El [&hellip;]\" \/>\n<meta property=\"og:url\" content=\"https:\/\/futbolhoy.co\/index.php\/2023\/10\/31\/juan-pablo-vargas-para-rato-renovo-con-millonarios\/\" \/>\n<meta property=\"article:publisher\" content=\"https:\/\/www.facebook.com\/FutbolHoyCol\/\" \/>\n<meta property=\"article:published_time\" content=\"2023-11-01T00:49:09+00:00\" \/>\n<meta property=\"article:modified_time\" content=\"2023-11-01T17:25:25+00:00\" \/>\n<meta property=\"og:image\" content=\"https:\/\/futbolhoy.co\/wp-content\/uploads\/2023\/10\/F9zm0OtXQAAzwT8.jpg\" \/>\n\t<meta property=\"og:image:width\" content=\"1000\" \/>\n\t<meta property=\"og:image:height\" content=\"1000\" \/>\n\t<meta property=\"og:image:type\" content=\"image\/jpeg\" \/>\n<meta name=\"author\" content=\"contenido\" \/>\n<meta name=\"twitter:card\" content=\"summary_large_image\" \/>\n<meta name=\"twitter:creator\" content=\"@FutbolHoyCol\" \/>\n<meta name=\"twitter:site\" content=\"@FutbolHoyCol\" \/>\n<meta name=\"twitter:label1\" content=\"Escrito por\" \/>\n\t<meta name=\"twitter:data1\" content=\"contenido\" \/>\n\t<meta name=\"twitter:label2\" content=\"Tiempo de lectura\" \/>\n\t<meta name=\"twitter:data2\" content=\"1 minuto\" \/>\n<script type=\"application\/ld+json\" class=\"yoast-schema-graph\">{\"@context\":\"https:\/\/schema.org\",\"@graph\":[{\"@type\":\"Article\",\"@id\":\"https:\/\/futbolhoy.co\/index.php\/2023\/10\/31\/juan-pablo-vargas-para-rato-renovo-con-millonarios\/#article\",\"isPartOf\":{\"@id\":\"https:\/\/futbolhoy.co\/index.php\/2023\/10\/31\/juan-pablo-vargas-para-rato-renovo-con-millonarios\/\"},\"author\":{\"name\":\"contenido\",\"@id\":\"https:\/\/futbolhoy.co\/#\/schema\/person\/1721b69355b6623eaff15ac7b92d4cc3\"},\"headline\":\"Juan Pablo Vargas para rato: renov\u00f3 con Millonarios\",\"datePublished\":\"2023-11-01T00:49:09+00:00\",\"dateModified\":\"2023-11-01T17:25:25+00:00\",\"mainEntityOfPage\":{\"@id\":\"https:\/\/futbolhoy.co\/index.php\/2023\/10\/31\/juan-pablo-vargas-para-rato-renovo-con-millonarios\/\"},\"wordCount\":160,\"commentCount\":0,\"publisher\":{\"@id\":\"https:\/\/futbolhoy.co\/#organization\"},\"image\":{\"@id\":\"https:\/\/futbolhoy.co\/index.php\/2023\/10\/31\/juan-pablo-vargas-para-rato-renovo-con-millonarios\/#primaryimage\"},\"thumbnailUrl\":\"https:\/\/futbolhoy.co\/wp-content\/uploads\/2023\/10\/F9zm0OtXQAAzwT8.jpg\",\"articleSection\":[\"Liga BetPlay\"],\"inLanguage\":\"es\",\"potentialAction\":[{\"@type\":\"CommentAction\",\"name\":\"Comment\",\"target\":[\"https:\/\/futbolhoy.co\/index.php\/2023\/10\/31\/juan-pablo-vargas-para-rato-renovo-con-millonarios\/#respond\"]}]},{\"@type\":\"WebPage\",\"@id\":\"https:\/\/futbolhoy.co\/index.php\/2023\/10\/31\/juan-pablo-vargas-para-rato-renovo-con-millonarios\/\",\"url\":\"https:\/\/futbolhoy.co\/index.php\/2023\/10\/31\/juan-pablo-vargas-para-rato-renovo-con-millonarios\/\",\"name\":\"Juan Pablo Vargas para rato: renov\u00f3 con Millonarios -\",\"isPartOf\":{\"@id\":\"https:\/\/futbolhoy.co\/#website\"},\"primaryImageOfPage\":{\"@id\":\"https:\/\/futbolhoy.co\/index.php\/2023\/10\/31\/juan-pablo-vargas-para-rato-renovo-con-millonarios\/#primaryimage\"},\"image\":{\"@id\":\"https:\/\/futbolhoy.co\/index.php\/2023\/10\/31\/juan-pablo-vargas-para-rato-renovo-con-millonarios\/#primaryimage\"},\"thumbnailUrl\":\"https:\/\/futbolhoy.co\/wp-content\/uploads\/2023\/10\/F9zm0OtXQAAzwT8.jpg\",\"datePublished\":\"2023-11-01T00:49:09+00:00\",\"dateModified\":\"2023-11-01T17:25:25+00:00\",\"breadcrumb\":{\"@id\":\"https:\/\/futbolhoy.co\/index.php\/2023\/10\/31\/juan-pablo-vargas-para-rato-renovo-con-millonarios\/#breadcrumb\"},\"inLanguage\":\"es\",\"potentialAction\":[{\"@type\":\"ReadAction\",\"target\":[\"https:\/\/futbolhoy.co\/index.php\/2023\/10\/31\/juan-pablo-vargas-para-rato-renovo-con-millonarios\/\"]}]},{\"@type\":\"ImageObject\",\"inLanguage\":\"es\",\"@id\":\"https:\/\/futbolhoy.co\/index.php\/2023\/10\/31\/juan-pablo-vargas-para-rato-renovo-con-millonarios\/#primaryimage\",\"url\":\"https:\/\/futbolhoy.co\/wp-content\/uploads\/2023\/10\/F9zm0OtXQAAzwT8.jpg\",\"contentUrl\":\"https:\/\/futbolhoy.co\/wp-content\/uploads\/2023\/10\/F9zm0OtXQAAzwT8.jpg\",\"width\":1000,\"height\":1000},{\"@type\":\"BreadcrumbList\",\"@id\":\"https:\/\/futbolhoy.co\/index.php\/2023\/10\/31\/juan-pablo-vargas-para-rato-renovo-con-millonarios\/#breadcrumb\",\"itemListElement\":[{\"@type\":\"ListItem\",\"position\":1,\"name\":\"Portada\",\"item\":\"https:\/\/futbolhoy.co\/\"},{\"@type\":\"ListItem\",\"position\":2,\"name\":\"Juan Pablo Vargas para rato: renov\u00f3 con Millonarios\"}]},{\"@type\":\"WebSite\",\"@id\":\"https:\/\/futbolhoy.co\/#website\",\"url\":\"https:\/\/futbolhoy.co\/\",\"name\":\"FutbolHoy\",\"description\":\"\",\"publisher\":{\"@id\":\"https:\/\/futbolhoy.co\/#organization\"},\"potentialAction\":[{\"@type\":\"SearchAction\",\"target\":{\"@type\":\"EntryPoint\",\"urlTemplate\":\"https:\/\/futbolhoy.co\/?s={search_term_string}\"},\"query-input\":{\"@type\":\"PropertyValueSpecification\",\"valueRequired\":true,\"valueName\":\"search_term_string\"}}],\"inLanguage\":\"es\"},{\"@type\":\"Organization\",\"@id\":\"https:\/\/futbolhoy.co\/#organization\",\"name\":\"Futbolhoy.co\",\"url\":\"https:\/\/futbolhoy.co\/\",\"logo\":{\"@type\":\"ImageObject\",\"inLanguage\":\"es\",\"@id\":\"https:\/\/futbolhoy.co\/#\/schema\/logo\/image\/\",\"url\":\"https:\/\/futbolhoy.co\/wp-content\/uploads\/2018\/08\/17426380_1906371736249227_6326180412931521141_n.jpg\",\"contentUrl\":\"https:\/\/futbolhoy.co\/wp-content\/uploads\/2018\/08\/17426380_1906371736249227_6326180412931521141_n.jpg\",\"width\":960,\"height\":960,\"caption\":\"Futbolhoy.co\"},\"image\":{\"@id\":\"https:\/\/futbolhoy.co\/#\/schema\/logo\/image\/\"},\"sameAs\":[\"https:\/\/www.facebook.com\/FutbolHoyCol\/\",\"https:\/\/x.com\/FutbolHoyCol\",\"https:\/\/www.instagram.com\/futbolhoycol\/\"]},{\"@type\":\"Person\",\"@id\":\"https:\/\/futbolhoy.co\/#\/schema\/person\/1721b69355b6623eaff15ac7b92d4cc3\",\"name\":\"contenido\",\"image\":{\"@type\":\"ImageObject\",\"inLanguage\":\"es\",\"@id\":\"https:\/\/futbolhoy.co\/#\/schema\/person\/image\/\",\"url\":\"https:\/\/secure.gravatar.com\/avatar\/4f656d3256f5134f466206e7c3941518?s=96&d=mm&r=g\",\"contentUrl\":\"https:\/\/secure.gravatar.com\/avatar\/4f656d3256f5134f466206e7c3941518?s=96&d=mm&r=g\",\"caption\":\"contenido\"}}]}<\/script>\n<!-- \/ Yoast SEO plugin. -->","yoast_head_json":{"title":"Juan Pablo Vargas para rato: renov\u00f3 con Millonarios -","robots":{"index":"index","follow":"follow","max-snippet":"max-snippet:-1","max-image-preview":"max-image-preview:large","max-video-preview":"max-video-preview:-1"},"canonical":"https:\/\/futbolhoy.co\/index.php\/2023\/10\/31\/juan-pablo-vargas-para-rato-renovo-con-millonarios\/","og_locale":"es_ES","og_type":"article","og_title":"Juan Pablo Vargas para rato: renov\u00f3 con Millonarios -","og_description":"La noticia que los hinchas de Millonarios estaban esperando por fin se produjo: Juan Pablo Vargas seguir\u00e1 ligado al club, luego de que se anunciara su renovaci\u00f3n mediante redes sociales. \"\u00a1Pura vida mae! Juan Pablo Vargas ha renovado su contrato con la instituci\u00f3n. \u00a1Vamos por m\u00e1s Juan Pa!\u201d, fue la publicaci\u00f3n del equipo bogotano. El [&hellip;]","og_url":"https:\/\/futbolhoy.co\/index.php\/2023\/10\/31\/juan-pablo-vargas-para-rato-renovo-con-millonarios\/","article_publisher":"https:\/\/www.facebook.com\/FutbolHoyCol\/","article_published_time":"2023-11-01T00:49:09+00:00","article_modified_time":"2023-11-01T17:25:25+00:00","og_image":[{"width":1000,"height":1000,"url":"https:\/\/futbolhoy.co\/wp-content\/uploads\/2023\/10\/F9zm0OtXQAAzwT8.jpg","type":"image\/jpeg"}],"author":"contenido","twitter_card":"summary_large_image","twitter_creator":"@FutbolHoyCol","twitter_site":"@FutbolHoyCol","twitter_misc":{"Escrito por":"contenido","Tiempo de lectura":"1 minuto"},"schema":{"@context":"https:\/\/schema.org","@graph":[{"@type":"Article","@id":"https:\/\/futbolhoy.co\/index.php\/2023\/10\/31\/juan-pablo-vargas-para-rato-renovo-con-millonarios\/#article","isPartOf":{"@id":"https:\/\/futbolhoy.co\/index.php\/2023\/10\/31\/juan-pablo-vargas-para-rato-renovo-con-millonarios\/"},"author":{"name":"contenido","@id":"https:\/\/futbolhoy.co\/#\/schema\/person\/1721b69355b6623eaff15ac7b92d4cc3"},"headline":"Juan Pablo Vargas para rato: renov\u00f3 con Millonarios","datePublished":"2023-11-01T00:49:09+00:00","dateModified":"2023-11-01T17:25:25+00:00","mainEntityOfPage":{"@id":"https:\/\/futbolhoy.co\/index.php\/2023\/10\/31\/juan-pablo-vargas-para-rato-renovo-con-millonarios\/"},"wordCount":160,"commentCount":0,"publisher":{"@id":"https:\/\/futbolhoy.co\/#organization"},"image":{"@id":"https:\/\/futbolhoy.co\/index.php\/2023\/10\/31\/juan-pablo-vargas-para-rato-renovo-con-millonarios\/#primaryimage"},"thumbnailUrl":"https:\/\/futbolhoy.co\/wp-content\/uploads\/2023\/10\/F9zm0OtXQAAzwT8.jpg","articleSection":["Liga BetPlay"],"inLanguage":"es","potentialAction":[{"@type":"CommentAction","name":"Comment","target":["https:\/\/futbolhoy.co\/index.php\/2023\/10\/31\/juan-pablo-vargas-para-rato-renovo-con-millonarios\/#respond"]}]},{"@type":"WebPage","@id":"https:\/\/futbolhoy.co\/index.php\/2023\/10\/31\/juan-pablo-vargas-para-rato-renovo-con-millonarios\/","url":"https:\/\/futbolhoy.co\/index.php\/2023\/10\/31\/juan-pablo-vargas-para-rato-renovo-con-millonarios\/","name":"Juan Pablo Vargas para rato: renov\u00f3 con Millonarios -","isPartOf":{"@id":"https:\/\/futbolhoy.co\/#website"},"primaryImageOfPage":{"@id":"https:\/\/futbolhoy.co\/index.php\/2023\/10\/31\/juan-pablo-vargas-para-rato-renovo-con-millonarios\/#primaryimage"},"image":{"@id":"https:\/\/futbolhoy.co\/index.php\/2023\/10\/31\/juan-pablo-vargas-para-rato-renovo-con-millonarios\/#primaryimage"},"thumbnailUrl":"https:\/\/futbolhoy.co\/wp-content\/uploads\/2023\/10\/F9zm0OtXQAAzwT8.jpg","datePublished":"2023-11-01T00:49:09+00:00","dateModified":"2023-11-01T17:25:25+00:00","breadcrumb":{"@id":"https:\/\/futbolhoy.co\/index.php\/2023\/10\/31\/juan-pablo-vargas-para-rato-renovo-con-millonarios\/#breadcrumb"},"inLanguage":"es","potentialAction":[{"@type":"ReadAction","target":["https:\/\/futbolhoy.co\/index.php\/2023\/10\/31\/juan-pablo-vargas-para-rato-renovo-con-millonarios\/"]}]},{"@type":"ImageObject","inLanguage":"es","@id":"https:\/\/futbolhoy.co\/index.php\/2023\/10\/31\/juan-pablo-vargas-para-rato-renovo-con-millonarios\/#primaryimage","url":"https:\/\/futbolhoy.co\/wp-content\/uploads\/2023\/10\/F9zm0OtXQAAzwT8.jpg","contentUrl":"https:\/\/futbolhoy.co\/wp-content\/uploads\/2023\/10\/F9zm0OtXQAAzwT8.jpg","width":1000,"height":1000},{"@type":"BreadcrumbList","@id":"https:\/\/futbolhoy.co\/index.php\/2023\/10\/31\/juan-pablo-vargas-para-rato-renovo-con-millonarios\/#breadcrumb","itemListElement":[{"@type":"ListItem","position":1,"name":"Portada","item":"https:\/\/futbolhoy.co\/"},{"@type":"ListItem","position":2,"name":"Juan Pablo Vargas para rato: renov\u00f3 con Millonarios"}]},{"@type":"WebSite","@id":"https:\/\/futbolhoy.co\/#website","url":"https:\/\/futbolhoy.co\/","name":"FutbolHoy","description":"","publisher":{"@id":"https:\/\/futbolhoy.co\/#organization"},"potentialAction":[{"@type":"SearchAction","target":{"@type":"EntryPoint","urlTemplate":"https:\/\/futbolhoy.co\/?s={search_term_string}"},"query-input":{"@type":"PropertyValueSpecification","valueRequired":true,"valueName":"search_term_string"}}],"inLanguage":"es"},{"@type":"Organization","@id":"https:\/\/futbolhoy.co\/#organization","name":"Futbolhoy.co","url":"https:\/\/futbolhoy.co\/","logo":{"@type":"ImageObject","inLanguage":"es","@id":"https:\/\/futbolhoy.co\/#\/schema\/logo\/image\/","url":"https:\/\/futbolhoy.co\/wp-content\/uploads\/2018\/08\/17426380_1906371736249227_6326180412931521141_n.jpg","contentUrl":"https:\/\/futbolhoy.co\/wp-content\/uploads\/2018\/08\/17426380_1906371736249227_6326180412931521141_n.jpg","width":960,"height":960,"caption":"Futbolhoy.co"},"image":{"@id":"https:\/\/futbolhoy.co\/#\/schema\/logo\/image\/"},"sameAs":["https:\/\/www.facebook.com\/FutbolHoyCol\/","https:\/\/x.com\/FutbolHoyCol","https:\/\/www.instagram.com\/futbolhoycol\/"]},{"@type":"Person","@id":"https:\/\/futbolhoy.co\/#\/schema\/person\/1721b69355b6623eaff15ac7b92d4cc3","name":"contenido","image":{"@type":"ImageObject","inLanguage":"es","@id":"https:\/\/futbolhoy.co\/#\/schema\/person\/image\/","url":"https:\/\/secure.gravatar.com\/avatar\/4f656d3256f5134f466206e7c3941518?s=96&d=mm&r=g","contentUrl":"https:\/\/secure.gravatar.com\/avatar\/4f656d3256f5134f466206e7c3941518?s=96&d=mm&r=g","caption":"contenido"}}]}},"publishpress_future_action":{"enabled":false,"date":"2026-05-06 15:03:50","action":"change-status","newStatus":"draft","terms":[],"taxonomy":"category","extraData":[]},"publishpress_future_workflow_manual_trigger":{"enabledWorkflows":[]},"_links":{"self":[{"href":"https:\/\/futbolhoy.co\/index.php\/wp-json\/wp\/v2\/posts\/100617","targetHints":{"allow":["GET"]}}],"collection":[{"href":"https:\/\/futbolhoy.co\/index.php\/wp-json\/wp\/v2\/posts"}],"about":[{"href":"https:\/\/futbolhoy.co\/index.php\/wp-json\/wp\/v2\/types\/post"}],"author":[{"embeddable":true,"href":"https:\/\/futbolhoy.co\/index.php\/wp-json\/wp\/v2\/users\/4"}],"replies":[{"embeddable":true,"href":"https:\/\/futbolhoy.co\/index.php\/wp-json\/wp\/v2\/comments?post=100617"}],"version-history":[{"count":2,"href":"https:\/\/futbolhoy.co\/index.php\/wp-json\/wp\/v2\/posts\/100617\/revisions"}],"predecessor-version":[{"id":100623,"href":"https:\/\/futbolhoy.co\/index.php\/wp-json\/wp\/v2\/posts\/100617\/revisions\/100623"}],"wp:featuredmedia":[{"embeddable":true,"href":"https:\/\/futbolhoy.co\/index.php\/wp-json\/wp\/v2\/media\/100618"}],"wp:attachment":[{"href":"https:\/\/futbolhoy.co\/index.php\/wp-json\/wp\/v2\/media?parent=100617"}],"wp:term":[{"taxonomy":"category","embeddable":true,"href":"https:\/\/futbolhoy.co\/index.php\/wp-json\/wp\/v2\/categories?post=100617"},{"taxonomy":"post_tag","embeddable":true,"href":"https:\/\/futbolhoy.co\/index.php\/wp-json\/wp\/v2\/tags?post=100617"}],"curies":[{"name":"wp","href":"https:\/\/api.w.org\/{rel}","templated":true}]}}