{"id":100620,"date":"2023-10-31T18:00:27","date_gmt":"2023-10-31T23:00:27","guid":{"rendered":"https:\/\/futbolhoy.co\/?p=100620"},"modified":"2023-11-01T15:32:22","modified_gmt":"2023-11-01T20:32:22","slug":"jhon-arias-estaria-en-el-radar-de-varios-equipos-de-europa","status":"publish","type":"post","link":"https:\/\/futbolhoy.co\/index.php\/2023\/10\/31\/jhon-arias-estaria-en-el-radar-de-varios-equipos-de-europa\/","title":{"rendered":"Jhon Arias estar\u00eda en el radar de varios equipos de Europa"},"content":{"rendered":"<p style=\"text-align: justify;\"><span style=\"font-family: helvetica, arial, sans-serif;\">El buen presente de <strong>Jhon Arias<\/strong> con <strong>Fluminense<\/strong> ha hecho despertar el inter\u00e9s de varios equipos de Europa. As\u00ed lo dio a conocer el medio de comunicaci\u00f3n <strong>Team Talk,<\/strong> quien habla de 7 clubes puntuales que han estado siguiendo los rastros del colombiano.<\/span><\/p>\n<p style=\"text-align: justify;\"><span style=\"font-family: helvetica, arial, sans-serif;\">Entre los clubes que han estado observando las actuaciones de Arias tanto en el <strong>Fluminense<\/strong> como en la <strong>Selecci\u00f3n Colombia,<\/strong> est\u00e1n: <strong>Crystal Palace, West Ham, Burnley, Wolves, Leicester, Leeds, de la Premier League, y Rangers, de Escocia.<\/strong><\/span><\/p>\n<p style=\"text-align: justify;\"><span style=\"font-family: helvetica, arial, sans-serif;\">Sin embargo, el propio medio no descarta que para la final de la <strong>Copa Libertadores<\/strong> entre Flu y <strong>Boca Juniors, Liverpool<\/strong> tambi\u00e9n ponga los ojos en el oriundo de <strong>Quibd\u00f3,<\/strong> aunque el principal objetivo de los Reds es el mediocampista <strong>Andr\u00e9.<\/strong><\/span><\/p>\n<p style=\"text-align: justify;\"><span style=\"font-family: helvetica, arial, sans-serif;\">En lo que va de la temporada, Jhon Arias ha aportado nueve goles y 13 asistencias en 53 apariciones con el Fluminense y est\u00e1 a la espera de poder coronarse como campe\u00f3n de <strong>Am\u00e9rica<\/strong> en la final ante <strong>Boca Juniors.<\/strong><\/span><\/p>\n","protected":false},"excerpt":{"rendered":"<p>El buen presente de Jhon Arias con Fluminense ha hecho despertar el inter\u00e9s de varios equipos de Europa. As\u00ed lo dio a conocer el medio de comunicaci\u00f3n Team Talk, quien habla de 7 clubes puntuales que han estado siguiendo los rastros del colombiano. Entre los clubes que han estado observando las actuaciones de Arias tanto [&hellip;]<\/p>\n","protected":false},"author":4,"featured_media":100621,"comment_status":"open","ping_status":"open","sticky":false,"template":"","format":"standard","meta":{"_acf_changed":false,"footnotes":""},"categories":[418],"tags":[],"class_list":{"0":"post-100620","1":"post","2":"type-post","3":"status-publish","4":"format-standard","5":"has-post-thumbnail","7":"category-colombia"},"acf":[],"yoast_head":"<!-- This site is optimized with the Yoast SEO plugin v26.8 - https:\/\/yoast.com\/product\/yoast-seo-wordpress\/ -->\n<title>Jhon Arias estar\u00eda en el radar de varios equipos de Europa -<\/title>\n<meta name=\"robots\" content=\"index, follow, max-snippet:-1, max-image-preview:large, max-video-preview:-1\" \/>\n<link rel=\"canonical\" href=\"https:\/\/futbolhoy.co\/index.php\/2023\/10\/31\/jhon-arias-estaria-en-el-radar-de-varios-equipos-de-europa\/\" \/>\n<meta property=\"og:locale\" content=\"es_ES\" \/>\n<meta property=\"og:type\" content=\"article\" \/>\n<meta property=\"og:title\" content=\"Jhon Arias estar\u00eda en el radar de varios equipos de Europa -\" \/>\n<meta property=\"og:description\" content=\"El buen presente de Jhon Arias con Fluminense ha hecho despertar el inter\u00e9s de varios equipos de Europa. As\u00ed lo dio a conocer el medio de comunicaci\u00f3n Team Talk, quien habla de 7 clubes puntuales que han estado siguiendo los rastros del colombiano. Entre los clubes que han estado observando las actuaciones de Arias tanto [&hellip;]\" \/>\n<meta property=\"og:url\" content=\"https:\/\/futbolhoy.co\/index.php\/2023\/10\/31\/jhon-arias-estaria-en-el-radar-de-varios-equipos-de-europa\/\" \/>\n<meta property=\"article:publisher\" content=\"https:\/\/www.facebook.com\/FutbolHoyCol\/\" \/>\n<meta property=\"article:published_time\" content=\"2023-10-31T23:00:27+00:00\" \/>\n<meta property=\"article:modified_time\" content=\"2023-11-01T20:32:22+00:00\" \/>\n<meta property=\"og:image\" content=\"https:\/\/futbolhoy.co\/wp-content\/uploads\/2023\/10\/F9X4c59WUAA84Nc.jpg\" \/>\n\t<meta property=\"og:image:width\" content=\"1600\" \/>\n\t<meta property=\"og:image:height\" content=\"1066\" \/>\n\t<meta property=\"og:image:type\" content=\"image\/jpeg\" \/>\n<meta name=\"author\" content=\"contenido\" \/>\n<meta name=\"twitter:card\" content=\"summary_large_image\" \/>\n<meta name=\"twitter:creator\" content=\"@FutbolHoyCol\" \/>\n<meta name=\"twitter:site\" content=\"@FutbolHoyCol\" \/>\n<meta name=\"twitter:label1\" content=\"Escrito por\" \/>\n\t<meta name=\"twitter:data1\" content=\"contenido\" \/>\n\t<meta name=\"twitter:label2\" content=\"Tiempo de lectura\" \/>\n\t<meta name=\"twitter:data2\" content=\"1 minuto\" \/>\n<script type=\"application\/ld+json\" class=\"yoast-schema-graph\">{\"@context\":\"https:\/\/schema.org\",\"@graph\":[{\"@type\":\"Article\",\"@id\":\"https:\/\/futbolhoy.co\/index.php\/2023\/10\/31\/jhon-arias-estaria-en-el-radar-de-varios-equipos-de-europa\/#article\",\"isPartOf\":{\"@id\":\"https:\/\/futbolhoy.co\/index.php\/2023\/10\/31\/jhon-arias-estaria-en-el-radar-de-varios-equipos-de-europa\/\"},\"author\":{\"name\":\"contenido\",\"@id\":\"https:\/\/futbolhoy.co\/#\/schema\/person\/1721b69355b6623eaff15ac7b92d4cc3\"},\"headline\":\"Jhon Arias estar\u00eda en el radar de varios equipos de Europa\",\"datePublished\":\"2023-10-31T23:00:27+00:00\",\"dateModified\":\"2023-11-01T20:32:22+00:00\",\"mainEntityOfPage\":{\"@id\":\"https:\/\/futbolhoy.co\/index.php\/2023\/10\/31\/jhon-arias-estaria-en-el-radar-de-varios-equipos-de-europa\/\"},\"wordCount\":177,\"commentCount\":0,\"publisher\":{\"@id\":\"https:\/\/futbolhoy.co\/#organization\"},\"image\":{\"@id\":\"https:\/\/futbolhoy.co\/index.php\/2023\/10\/31\/jhon-arias-estaria-en-el-radar-de-varios-equipos-de-europa\/#primaryimage\"},\"thumbnailUrl\":\"https:\/\/futbolhoy.co\/wp-content\/uploads\/2023\/10\/F9X4c59WUAA84Nc.jpg\",\"articleSection\":[\"Colombia\"],\"inLanguage\":\"es\",\"potentialAction\":[{\"@type\":\"CommentAction\",\"name\":\"Comment\",\"target\":[\"https:\/\/futbolhoy.co\/index.php\/2023\/10\/31\/jhon-arias-estaria-en-el-radar-de-varios-equipos-de-europa\/#respond\"]}]},{\"@type\":\"WebPage\",\"@id\":\"https:\/\/futbolhoy.co\/index.php\/2023\/10\/31\/jhon-arias-estaria-en-el-radar-de-varios-equipos-de-europa\/\",\"url\":\"https:\/\/futbolhoy.co\/index.php\/2023\/10\/31\/jhon-arias-estaria-en-el-radar-de-varios-equipos-de-europa\/\",\"name\":\"Jhon Arias estar\u00eda en el radar de varios equipos de Europa -\",\"isPartOf\":{\"@id\":\"https:\/\/futbolhoy.co\/#website\"},\"primaryImageOfPage\":{\"@id\":\"https:\/\/futbolhoy.co\/index.php\/2023\/10\/31\/jhon-arias-estaria-en-el-radar-de-varios-equipos-de-europa\/#primaryimage\"},\"image\":{\"@id\":\"https:\/\/futbolhoy.co\/index.php\/2023\/10\/31\/jhon-arias-estaria-en-el-radar-de-varios-equipos-de-europa\/#primaryimage\"},\"thumbnailUrl\":\"https:\/\/futbolhoy.co\/wp-content\/uploads\/2023\/10\/F9X4c59WUAA84Nc.jpg\",\"datePublished\":\"2023-10-31T23:00:27+00:00\",\"dateModified\":\"2023-11-01T20:32:22+00:00\",\"breadcrumb\":{\"@id\":\"https:\/\/futbolhoy.co\/index.php\/2023\/10\/31\/jhon-arias-estaria-en-el-radar-de-varios-equipos-de-europa\/#breadcrumb\"},\"inLanguage\":\"es\",\"potentialAction\":[{\"@type\":\"ReadAction\",\"target\":[\"https:\/\/futbolhoy.co\/index.php\/2023\/10\/31\/jhon-arias-estaria-en-el-radar-de-varios-equipos-de-europa\/\"]}]},{\"@type\":\"ImageObject\",\"inLanguage\":\"es\",\"@id\":\"https:\/\/futbolhoy.co\/index.php\/2023\/10\/31\/jhon-arias-estaria-en-el-radar-de-varios-equipos-de-europa\/#primaryimage\",\"url\":\"https:\/\/futbolhoy.co\/wp-content\/uploads\/2023\/10\/F9X4c59WUAA84Nc.jpg\",\"contentUrl\":\"https:\/\/futbolhoy.co\/wp-content\/uploads\/2023\/10\/F9X4c59WUAA84Nc.jpg\",\"width\":1600,\"height\":1066},{\"@type\":\"BreadcrumbList\",\"@id\":\"https:\/\/futbolhoy.co\/index.php\/2023\/10\/31\/jhon-arias-estaria-en-el-radar-de-varios-equipos-de-europa\/#breadcrumb\",\"itemListElement\":[{\"@type\":\"ListItem\",\"position\":1,\"name\":\"Portada\",\"item\":\"https:\/\/futbolhoy.co\/\"},{\"@type\":\"ListItem\",\"position\":2,\"name\":\"Jhon Arias estar\u00eda en el radar de varios equipos de Europa\"}]},{\"@type\":\"WebSite\",\"@id\":\"https:\/\/futbolhoy.co\/#website\",\"url\":\"https:\/\/futbolhoy.co\/\",\"name\":\"FutbolHoy\",\"description\":\"\",\"publisher\":{\"@id\":\"https:\/\/futbolhoy.co\/#organization\"},\"potentialAction\":[{\"@type\":\"SearchAction\",\"target\":{\"@type\":\"EntryPoint\",\"urlTemplate\":\"https:\/\/futbolhoy.co\/?s={search_term_string}\"},\"query-input\":{\"@type\":\"PropertyValueSpecification\",\"valueRequired\":true,\"valueName\":\"search_term_string\"}}],\"inLanguage\":\"es\"},{\"@type\":\"Organization\",\"@id\":\"https:\/\/futbolhoy.co\/#organization\",\"name\":\"Futbolhoy.co\",\"url\":\"https:\/\/futbolhoy.co\/\",\"logo\":{\"@type\":\"ImageObject\",\"inLanguage\":\"es\",\"@id\":\"https:\/\/futbolhoy.co\/#\/schema\/logo\/image\/\",\"url\":\"https:\/\/futbolhoy.co\/wp-content\/uploads\/2018\/08\/17426380_1906371736249227_6326180412931521141_n.jpg\",\"contentUrl\":\"https:\/\/futbolhoy.co\/wp-content\/uploads\/2018\/08\/17426380_1906371736249227_6326180412931521141_n.jpg\",\"width\":960,\"height\":960,\"caption\":\"Futbolhoy.co\"},\"image\":{\"@id\":\"https:\/\/futbolhoy.co\/#\/schema\/logo\/image\/\"},\"sameAs\":[\"https:\/\/www.facebook.com\/FutbolHoyCol\/\",\"https:\/\/x.com\/FutbolHoyCol\",\"https:\/\/www.instagram.com\/futbolhoycol\/\"]},{\"@type\":\"Person\",\"@id\":\"https:\/\/futbolhoy.co\/#\/schema\/person\/1721b69355b6623eaff15ac7b92d4cc3\",\"name\":\"contenido\",\"image\":{\"@type\":\"ImageObject\",\"inLanguage\":\"es\",\"@id\":\"https:\/\/futbolhoy.co\/#\/schema\/person\/image\/\",\"url\":\"https:\/\/secure.gravatar.com\/avatar\/4f656d3256f5134f466206e7c3941518?s=96&d=mm&r=g\",\"contentUrl\":\"https:\/\/secure.gravatar.com\/avatar\/4f656d3256f5134f466206e7c3941518?s=96&d=mm&r=g\",\"caption\":\"contenido\"}}]}<\/script>\n<!-- \/ Yoast SEO plugin. -->","yoast_head_json":{"title":"Jhon Arias estar\u00eda en el radar de varios equipos de Europa -","robots":{"index":"index","follow":"follow","max-snippet":"max-snippet:-1","max-image-preview":"max-image-preview:large","max-video-preview":"max-video-preview:-1"},"canonical":"https:\/\/futbolhoy.co\/index.php\/2023\/10\/31\/jhon-arias-estaria-en-el-radar-de-varios-equipos-de-europa\/","og_locale":"es_ES","og_type":"article","og_title":"Jhon Arias estar\u00eda en el radar de varios equipos de Europa -","og_description":"El buen presente de Jhon Arias con Fluminense ha hecho despertar el inter\u00e9s de varios equipos de Europa. As\u00ed lo dio a conocer el medio de comunicaci\u00f3n Team Talk, quien habla de 7 clubes puntuales que han estado siguiendo los rastros del colombiano. Entre los clubes que han estado observando las actuaciones de Arias tanto [&hellip;]","og_url":"https:\/\/futbolhoy.co\/index.php\/2023\/10\/31\/jhon-arias-estaria-en-el-radar-de-varios-equipos-de-europa\/","article_publisher":"https:\/\/www.facebook.com\/FutbolHoyCol\/","article_published_time":"2023-10-31T23:00:27+00:00","article_modified_time":"2023-11-01T20:32:22+00:00","og_image":[{"width":1600,"height":1066,"url":"https:\/\/futbolhoy.co\/wp-content\/uploads\/2023\/10\/F9X4c59WUAA84Nc.jpg","type":"image\/jpeg"}],"author":"contenido","twitter_card":"summary_large_image","twitter_creator":"@FutbolHoyCol","twitter_site":"@FutbolHoyCol","twitter_misc":{"Escrito por":"contenido","Tiempo de lectura":"1 minuto"},"schema":{"@context":"https:\/\/schema.org","@graph":[{"@type":"Article","@id":"https:\/\/futbolhoy.co\/index.php\/2023\/10\/31\/jhon-arias-estaria-en-el-radar-de-varios-equipos-de-europa\/#article","isPartOf":{"@id":"https:\/\/futbolhoy.co\/index.php\/2023\/10\/31\/jhon-arias-estaria-en-el-radar-de-varios-equipos-de-europa\/"},"author":{"name":"contenido","@id":"https:\/\/futbolhoy.co\/#\/schema\/person\/1721b69355b6623eaff15ac7b92d4cc3"},"headline":"Jhon Arias estar\u00eda en el radar de varios equipos de Europa","datePublished":"2023-10-31T23:00:27+00:00","dateModified":"2023-11-01T20:32:22+00:00","mainEntityOfPage":{"@id":"https:\/\/futbolhoy.co\/index.php\/2023\/10\/31\/jhon-arias-estaria-en-el-radar-de-varios-equipos-de-europa\/"},"wordCount":177,"commentCount":0,"publisher":{"@id":"https:\/\/futbolhoy.co\/#organization"},"image":{"@id":"https:\/\/futbolhoy.co\/index.php\/2023\/10\/31\/jhon-arias-estaria-en-el-radar-de-varios-equipos-de-europa\/#primaryimage"},"thumbnailUrl":"https:\/\/futbolhoy.co\/wp-content\/uploads\/2023\/10\/F9X4c59WUAA84Nc.jpg","articleSection":["Colombia"],"inLanguage":"es","potentialAction":[{"@type":"CommentAction","name":"Comment","target":["https:\/\/futbolhoy.co\/index.php\/2023\/10\/31\/jhon-arias-estaria-en-el-radar-de-varios-equipos-de-europa\/#respond"]}]},{"@type":"WebPage","@id":"https:\/\/futbolhoy.co\/index.php\/2023\/10\/31\/jhon-arias-estaria-en-el-radar-de-varios-equipos-de-europa\/","url":"https:\/\/futbolhoy.co\/index.php\/2023\/10\/31\/jhon-arias-estaria-en-el-radar-de-varios-equipos-de-europa\/","name":"Jhon Arias estar\u00eda en el radar de varios equipos de Europa -","isPartOf":{"@id":"https:\/\/futbolhoy.co\/#website"},"primaryImageOfPage":{"@id":"https:\/\/futbolhoy.co\/index.php\/2023\/10\/31\/jhon-arias-estaria-en-el-radar-de-varios-equipos-de-europa\/#primaryimage"},"image":{"@id":"https:\/\/futbolhoy.co\/index.php\/2023\/10\/31\/jhon-arias-estaria-en-el-radar-de-varios-equipos-de-europa\/#primaryimage"},"thumbnailUrl":"https:\/\/futbolhoy.co\/wp-content\/uploads\/2023\/10\/F9X4c59WUAA84Nc.jpg","datePublished":"2023-10-31T23:00:27+00:00","dateModified":"2023-11-01T20:32:22+00:00","breadcrumb":{"@id":"https:\/\/futbolhoy.co\/index.php\/2023\/10\/31\/jhon-arias-estaria-en-el-radar-de-varios-equipos-de-europa\/#breadcrumb"},"inLanguage":"es","potentialAction":[{"@type":"ReadAction","target":["https:\/\/futbolhoy.co\/index.php\/2023\/10\/31\/jhon-arias-estaria-en-el-radar-de-varios-equipos-de-europa\/"]}]},{"@type":"ImageObject","inLanguage":"es","@id":"https:\/\/futbolhoy.co\/index.php\/2023\/10\/31\/jhon-arias-estaria-en-el-radar-de-varios-equipos-de-europa\/#primaryimage","url":"https:\/\/futbolhoy.co\/wp-content\/uploads\/2023\/10\/F9X4c59WUAA84Nc.jpg","contentUrl":"https:\/\/futbolhoy.co\/wp-content\/uploads\/2023\/10\/F9X4c59WUAA84Nc.jpg","width":1600,"height":1066},{"@type":"BreadcrumbList","@id":"https:\/\/futbolhoy.co\/index.php\/2023\/10\/31\/jhon-arias-estaria-en-el-radar-de-varios-equipos-de-europa\/#breadcrumb","itemListElement":[{"@type":"ListItem","position":1,"name":"Portada","item":"https:\/\/futbolhoy.co\/"},{"@type":"ListItem","position":2,"name":"Jhon Arias estar\u00eda en el radar de varios equipos de Europa"}]},{"@type":"WebSite","@id":"https:\/\/futbolhoy.co\/#website","url":"https:\/\/futbolhoy.co\/","name":"FutbolHoy","description":"","publisher":{"@id":"https:\/\/futbolhoy.co\/#organization"},"potentialAction":[{"@type":"SearchAction","target":{"@type":"EntryPoint","urlTemplate":"https:\/\/futbolhoy.co\/?s={search_term_string}"},"query-input":{"@type":"PropertyValueSpecification","valueRequired":true,"valueName":"search_term_string"}}],"inLanguage":"es"},{"@type":"Organization","@id":"https:\/\/futbolhoy.co\/#organization","name":"Futbolhoy.co","url":"https:\/\/futbolhoy.co\/","logo":{"@type":"ImageObject","inLanguage":"es","@id":"https:\/\/futbolhoy.co\/#\/schema\/logo\/image\/","url":"https:\/\/futbolhoy.co\/wp-content\/uploads\/2018\/08\/17426380_1906371736249227_6326180412931521141_n.jpg","contentUrl":"https:\/\/futbolhoy.co\/wp-content\/uploads\/2018\/08\/17426380_1906371736249227_6326180412931521141_n.jpg","width":960,"height":960,"caption":"Futbolhoy.co"},"image":{"@id":"https:\/\/futbolhoy.co\/#\/schema\/logo\/image\/"},"sameAs":["https:\/\/www.facebook.com\/FutbolHoyCol\/","https:\/\/x.com\/FutbolHoyCol","https:\/\/www.instagram.com\/futbolhoycol\/"]},{"@type":"Person","@id":"https:\/\/futbolhoy.co\/#\/schema\/person\/1721b69355b6623eaff15ac7b92d4cc3","name":"contenido","image":{"@type":"ImageObject","inLanguage":"es","@id":"https:\/\/futbolhoy.co\/#\/schema\/person\/image\/","url":"https:\/\/secure.gravatar.com\/avatar\/4f656d3256f5134f466206e7c3941518?s=96&d=mm&r=g","contentUrl":"https:\/\/secure.gravatar.com\/avatar\/4f656d3256f5134f466206e7c3941518?s=96&d=mm&r=g","caption":"contenido"}}]}},"publishpress_future_action":{"enabled":false,"date":"2026-05-06 13:16:35","action":"change-status","newStatus":"draft","terms":[],"taxonomy":"category","extraData":[]},"publishpress_future_workflow_manual_trigger":{"enabledWorkflows":[]},"_links":{"self":[{"href":"https:\/\/futbolhoy.co\/index.php\/wp-json\/wp\/v2\/posts\/100620","targetHints":{"allow":["GET"]}}],"collection":[{"href":"https:\/\/futbolhoy.co\/index.php\/wp-json\/wp\/v2\/posts"}],"about":[{"href":"https:\/\/futbolhoy.co\/index.php\/wp-json\/wp\/v2\/types\/post"}],"author":[{"embeddable":true,"href":"https:\/\/futbolhoy.co\/index.php\/wp-json\/wp\/v2\/users\/4"}],"replies":[{"embeddable":true,"href":"https:\/\/futbolhoy.co\/index.php\/wp-json\/wp\/v2\/comments?post=100620"}],"version-history":[{"count":1,"href":"https:\/\/futbolhoy.co\/index.php\/wp-json\/wp\/v2\/posts\/100620\/revisions"}],"predecessor-version":[{"id":100622,"href":"https:\/\/futbolhoy.co\/index.php\/wp-json\/wp\/v2\/posts\/100620\/revisions\/100622"}],"wp:featuredmedia":[{"embeddable":true,"href":"https:\/\/futbolhoy.co\/index.php\/wp-json\/wp\/v2\/media\/100621"}],"wp:attachment":[{"href":"https:\/\/futbolhoy.co\/index.php\/wp-json\/wp\/v2\/media?parent=100620"}],"wp:term":[{"taxonomy":"category","embeddable":true,"href":"https:\/\/futbolhoy.co\/index.php\/wp-json\/wp\/v2\/categories?post=100620"},{"taxonomy":"post_tag","embeddable":true,"href":"https:\/\/futbolhoy.co\/index.php\/wp-json\/wp\/v2\/tags?post=100620"}],"curies":[{"name":"wp","href":"https:\/\/api.w.org\/{rel}","templated":true}]}}