{"id":100624,"date":"2023-11-01T06:55:13","date_gmt":"2023-11-01T11:55:13","guid":{"rendered":"https:\/\/futbolhoy.co\/?p=100624"},"modified":"2023-11-01T17:36:56","modified_gmt":"2023-11-01T22:36:56","slug":"tigre-imparable-doblete-de-falcao-con-rayo-en-la-copa-del-rey","status":"publish","type":"post","link":"https:\/\/futbolhoy.co\/index.php\/2023\/11\/01\/tigre-imparable-doblete-de-falcao-con-rayo-en-la-copa-del-rey\/","title":{"rendered":"Tigre imparable: Doblete de Falcao con Rayo en la Copa del Rey"},"content":{"rendered":"<p style=\"text-align: justify;\"><span style=\"font-family: helvetica, arial, sans-serif;\"><b>Falcao Garc\u00eda<\/b><span style=\"font-weight: 400;\"> comenz\u00f3 con pie derecho en la Copa del Rey este mi\u00e9rcoles, en el inicio del torneo espa\u00f1ol. <\/span><b>Rayo Vallecano visit\u00f3 a Atl\u00e9tico Lugones<\/b><span style=\"font-weight: 400;\"> en la primera ronda y desde el inicio el colombiano no solo volvi\u00f3 a la titular sino que se report\u00f3 con doblete en el triunfo 0-6.<\/span><\/span><\/p>\n<p style=\"text-align: justify;\"><span style=\"font-family: helvetica, arial, sans-serif;\"><span style=\"font-weight: 400;\">El tigre Falcao abri\u00f3 el marcador en el estadio Santa B\u00e1rbara al minuto 8 con anotaci\u00f3n de penal, y luego al 16\u2019 encaj\u00f3 el segundo para <\/span><b>la victoria 0-2 parcial del equipo<\/b><span style=\"font-weight: 400;\"> de Vallecas en la apertura de la <\/span><b>Copa del Rey.<\/b><\/span><\/p>\n<blockquote class=\"twitter-tweet\">\n<p dir=\"ltr\" lang=\"es\">\u00a1GOL DE RAYO VALLECANO! \ud83d\udd25<\/p>\n<p>\u26bd De penal, Radamel Falcao \ud83c\udde8\ud83c\uddf4 puso el 1 a 0 a los 7 minutos del primer tiempo sobre Atl\u00e9tico Lugones.<\/p>\n<p>\ud83c\udf99\ufe0f <a href=\"https:\/\/twitter.com\/SebaQuadrelli?ref_src=twsrc%5Etfw\">@SebaQuadrelli<\/a> y <a href=\"https:\/\/twitter.com\/joselitoamado?ref_src=twsrc%5Etfw\">@joselitoamado<\/a><a href=\"https:\/\/twitter.com\/hashtag\/CopaDelReyEnDSPORTS?src=hash&amp;ref_src=twsrc%5Etfw\">#CopaDelReyEnDSPORTS<\/a> <a href=\"https:\/\/t.co\/35kgITLphR\">pic.twitter.com\/35kgITLphR<\/a><\/p>\n<p>\u2014 DSports (@DSports) <a href=\"https:\/\/twitter.com\/DSports\/status\/1719673188064358440?ref_src=twsrc%5Etfw\">November 1, 2023<\/a><\/p><\/blockquote>\n<p><script async src=\"https:\/\/platform.twitter.com\/widgets.js\" charset=\"utf-8\"><\/script><\/p>\n<blockquote class=\"twitter-tweet\">\n<p dir=\"ltr\" lang=\"es\">\u00a1GOL DE RAYO VALLECANO! \ud83d\udd25\ud83e\udd2f<\/p>\n<p>\u26bd Falcao \ud83c\udde8\ud83c\uddf4 recibi\u00f3 sobre la izquierda, encar\u00f3 y sac\u00f3 un zapatazo que se clav\u00f3 en el \u00e1ngulo.<\/p>\n<p>\ud83c\udf99\ufe0f <a href=\"https:\/\/twitter.com\/SebaQuadrelli?ref_src=twsrc%5Etfw\">@SebaQuadrelli<\/a> y <a href=\"https:\/\/twitter.com\/joselitoamado?ref_src=twsrc%5Etfw\">@joselitoamado<\/a><a href=\"https:\/\/twitter.com\/hashtag\/CopaDelReyEnDSPORTS?src=hash&amp;ref_src=twsrc%5Etfw\">#CopaDelReyEnDSPORTS<\/a> <a href=\"https:\/\/t.co\/eQkVJxeCdM\">pic.twitter.com\/eQkVJxeCdM<\/a><\/p>\n<p>\u2014 DSports (@DSports) <a href=\"https:\/\/twitter.com\/DSports\/status\/1719675097554768090?ref_src=twsrc%5Etfw\">November 1, 2023<\/a><\/p><\/blockquote>\n<p><script async src=\"https:\/\/platform.twitter.com\/widgets.js\" charset=\"utf-8\"><\/script><\/p>\n<p style=\"text-align: justify;\"><span style=\"font-family: helvetica, arial, sans-serif;\"><span style=\"font-weight: 400;\">Para el entretiempo, <\/span><b>Rayo Vallecano ya ganaba 0-3 parcialmente <\/b><span style=\"font-weight: 400;\">ante Lugones gracias al tercer tanto que anot\u00f3 Sergio Camello al minuto 40.<\/span><\/span><\/p>\n<p style=\"text-align: justify;\"><span style=\"font-family: helvetica, arial, sans-serif;\"><span style=\"font-weight: 400;\">Al final el partido termin\u00f3 0-6 con goles de Falcao 8\u2019 y 16\u2019, Camello 40\u2019, Beb\u00e9 62\u2019 y 79\u2019, y Ratiu 68\u2019.<\/span><\/span><\/p>\n<p style=\"text-align: justify;\"><span style=\"font-family: helvetica, arial, sans-serif;\"><span style=\"font-weight: 400;\">Esta es la primera titularidad de Falcao en <\/span><b>la temporada.<\/b><\/span><\/p>\n","protected":false},"excerpt":{"rendered":"<p>Falcao Garc\u00eda comenz\u00f3 con pie derecho en la Copa del Rey este mi\u00e9rcoles, en el inicio del torneo espa\u00f1ol. Rayo Vallecano visit\u00f3 a Atl\u00e9tico Lugones en la primera ronda y desde el inicio el colombiano no solo volvi\u00f3 a la titular sino que se report\u00f3 con doblete en el triunfo 0-6. El tigre Falcao abri\u00f3 [&hellip;]<\/p>\n","protected":false},"author":4,"featured_media":100625,"comment_status":"open","ping_status":"closed","sticky":false,"template":"","format":"standard","meta":{"_acf_changed":false,"footnotes":""},"categories":[418],"tags":[],"class_list":{"0":"post-100624","1":"post","2":"type-post","3":"status-publish","4":"format-standard","5":"has-post-thumbnail","7":"category-colombia"},"acf":[],"_links":{"self":[{"href":"https:\/\/futbolhoy.co\/index.php\/wp-json\/wp\/v2\/posts\/100624","targetHints":{"allow":["GET"]}}],"collection":[{"href":"https:\/\/futbolhoy.co\/index.php\/wp-json\/wp\/v2\/posts"}],"about":[{"href":"https:\/\/futbolhoy.co\/index.php\/wp-json\/wp\/v2\/types\/post"}],"author":[{"embeddable":true,"href":"https:\/\/futbolhoy.co\/index.php\/wp-json\/wp\/v2\/users\/4"}],"replies":[{"embeddable":true,"href":"https:\/\/futbolhoy.co\/index.php\/wp-json\/wp\/v2\/comments?post=100624"}],"version-history":[{"count":3,"href":"https:\/\/futbolhoy.co\/index.php\/wp-json\/wp\/v2\/posts\/100624\/revisions"}],"predecessor-version":[{"id":100628,"href":"https:\/\/futbolhoy.co\/index.php\/wp-json\/wp\/v2\/posts\/100624\/revisions\/100628"}],"wp:featuredmedia":[{"embeddable":true,"href":"https:\/\/futbolhoy.co\/index.php\/wp-json\/wp\/v2\/media\/100625"}],"wp:attachment":[{"href":"https:\/\/futbolhoy.co\/index.php\/wp-json\/wp\/v2\/media?parent=100624"}],"wp:term":[{"taxonomy":"category","embeddable":true,"href":"https:\/\/futbolhoy.co\/index.php\/wp-json\/wp\/v2\/categories?post=100624"},{"taxonomy":"post_tag","embeddable":true,"href":"https:\/\/futbolhoy.co\/index.php\/wp-json\/wp\/v2\/tags?post=100624"}],"curies":[{"name":"wp","href":"https:\/\/api.w.org\/{rel}","templated":true}]}}