{"id":100629,"date":"2023-11-01T12:02:23","date_gmt":"2023-11-01T17:02:23","guid":{"rendered":"https:\/\/futbolhoy.co\/?p=100629"},"modified":"2023-11-01T20:30:10","modified_gmt":"2023-11-02T01:30:10","slug":"valenciano-tras-arresto-no-tengo-problemas-con-el-alcohol","status":"publish","type":"post","link":"https:\/\/futbolhoy.co\/index.php\/2023\/11\/01\/valenciano-tras-arresto-no-tengo-problemas-con-el-alcohol\/","title":{"rendered":"Valenciano tras arresto: \u201cNo tengo problemas con el alcohol\u201d"},"content":{"rendered":"<p style=\"text-align: justify;\"><span style=\"font-family: helvetica, arial, sans-serif;\"><span style=\"font-weight: 400;\">Iv\u00e1n Ren\u00e9 Valenciano ha sido blanco de cr\u00edticas en las \u00faltimas horas luego de ser arrestado en Florida por haberse accidentado en estado de embriaguez. No obstante, el exjugador de la Selecci\u00f3n Colombia habl\u00f3 este mi\u00e9rcoles a medios colombianos y resalt\u00f3 que <\/span><b>no tiene ning\u00fan problema con el alcohol.<\/b><\/span><\/p>\n<p style=\"text-align: justify;\"><span style=\"font-family: helvetica, arial, sans-serif;\"><b>El ex goleador de la Selecci\u00f3n Colombia<\/b><span style=\"font-weight: 400;\"> fue imputado en Estados Unidos por \u201cprimer delito alcohol o drogas, da\u00f1os a una propiedad ajena o a una persona, y conducci\u00f3n temeraria\u201d.<\/span><\/span><\/p>\n<p style=\"text-align: justify;\"><span style=\"font-family: helvetica, arial, sans-serif;\"><span style=\"font-weight: 400;\">El \u2018Bombardero\u2019 relat\u00f3 este mi\u00e9rcoles que todo se present\u00f3 luego de un asado en el que estuvo junto a su familia, en el que se tom\u00f3 algunas cervezas y, pensando en un compromiso que ten\u00eda que cumplir, sali\u00f3 a conducir, <\/span><b>pero termin\u00f3 estrell\u00e1ndose con otro carro.<\/b><\/span><\/p>\n<p style=\"text-align: justify;\"><span style=\"font-family: helvetica, arial, sans-serif;\"><span style=\"font-weight: 400;\">\u201cNo llevaba botellas de trago en el carro. El nivel del grado de alcohol no se sabe. El Tribunal decide y sal\u00ed con fianza. Tengo que presentarme en un sitio como prueba. <\/span><b>Me suspendieron la licencia durante tres meses<\/b><span style=\"font-weight: 400;\">. Eso pas\u00f3 a la vuelta de mi casa. Pero quiero aclarar que no tengo esos problemas que dicen en las redes sociales\u201d, dijo.<\/span><\/span><\/p>\n<p style=\"text-align: justify;\"><span style=\"font-family: helvetica, arial, sans-serif;\"><span style=\"font-weight: 400;\">Esto porque en redes sociales se ha especulado que<\/span><b> el exfutbolista estar\u00eda presentando problemas con la bebida <\/b><span style=\"font-weight: 400;\">como en a\u00f1os pasados se revel\u00f3 cuando su carrera de jugador segu\u00eda activa.<\/span><\/span><\/p>\n<p style=\"text-align: justify;\"><span style=\"font-family: helvetica, arial, sans-serif;\"><span style=\"font-weight: 400;\">\u201cNo tengo problemas con el alcohol. Sal\u00ed con mi familia y me tom\u00e9 unos tragos. Eso es normal. <\/span><b>Pas\u00f3 el percance No estaba entrenando los ni\u00f1os,<\/b><span style=\"font-weight: 400;\"> eso no tiene nada que ver. Tampoco iba para el entrenamiento con los ni\u00f1os\u201d, coment\u00f3.<\/span><\/span><\/p>\n<p style=\"text-align: justify;\"><span style=\"font-family: helvetica, arial, sans-serif;\"><span style=\"font-weight: 400;\">\u201cDej\u00e9 de tomar por un tiempo. Quer\u00eda tomarme unos tragos, en su momento, pasar bien. Tom\u00e9 esa decisi\u00f3n, pero no tiene por qu\u00e9 cambiar mi vida. Lo dej\u00e9 durante un <\/span><b>tiempo y sigo construyendo una vida\u201d, a\u00f1adi\u00f3.<\/b><\/span><\/p>\n","protected":false},"excerpt":{"rendered":"<p>Iv\u00e1n Ren\u00e9 Valenciano ha sido blanco de cr\u00edticas en las \u00faltimas horas luego de ser arrestado en Florida por haberse accidentado en estado de embriaguez. No obstante, el exjugador de la Selecci\u00f3n Colombia habl\u00f3 este mi\u00e9rcoles a medios colombianos y resalt\u00f3 que no tiene ning\u00fan problema con el alcohol. El ex goleador de la Selecci\u00f3n [&hellip;]<\/p>\n","protected":false},"author":4,"featured_media":100630,"comment_status":"open","ping_status":"closed","sticky":false,"template":"","format":"standard","meta":{"_acf_changed":false,"footnotes":""},"categories":[152],"tags":[],"class_list":{"0":"post-100629","1":"post","2":"type-post","3":"status-publish","4":"format-standard","5":"has-post-thumbnail","7":"category-mundo-futbol"},"acf":[],"_links":{"self":[{"href":"https:\/\/futbolhoy.co\/index.php\/wp-json\/wp\/v2\/posts\/100629","targetHints":{"allow":["GET"]}}],"collection":[{"href":"https:\/\/futbolhoy.co\/index.php\/wp-json\/wp\/v2\/posts"}],"about":[{"href":"https:\/\/futbolhoy.co\/index.php\/wp-json\/wp\/v2\/types\/post"}],"author":[{"embeddable":true,"href":"https:\/\/futbolhoy.co\/index.php\/wp-json\/wp\/v2\/users\/4"}],"replies":[{"embeddable":true,"href":"https:\/\/futbolhoy.co\/index.php\/wp-json\/wp\/v2\/comments?post=100629"}],"version-history":[{"count":1,"href":"https:\/\/futbolhoy.co\/index.php\/wp-json\/wp\/v2\/posts\/100629\/revisions"}],"predecessor-version":[{"id":100631,"href":"https:\/\/futbolhoy.co\/index.php\/wp-json\/wp\/v2\/posts\/100629\/revisions\/100631"}],"wp:featuredmedia":[{"embeddable":true,"href":"https:\/\/futbolhoy.co\/index.php\/wp-json\/wp\/v2\/media\/100630"}],"wp:attachment":[{"href":"https:\/\/futbolhoy.co\/index.php\/wp-json\/wp\/v2\/media?parent=100629"}],"wp:term":[{"taxonomy":"category","embeddable":true,"href":"https:\/\/futbolhoy.co\/index.php\/wp-json\/wp\/v2\/categories?post=100629"},{"taxonomy":"post_tag","embeddable":true,"href":"https:\/\/futbolhoy.co\/index.php\/wp-json\/wp\/v2\/tags?post=100629"}],"curies":[{"name":"wp","href":"https:\/\/api.w.org\/{rel}","templated":true}]}}