{"id":100634,"date":"2023-11-01T15:20:09","date_gmt":"2023-11-01T20:20:09","guid":{"rendered":"https:\/\/futbolhoy.co\/?p=100634"},"modified":"2023-11-02T11:25:30","modified_gmt":"2023-11-02T16:25:30","slug":"se-cae-la-gira-del-inter-miami-de-lionel-messi-por-asia","status":"publish","type":"post","link":"https:\/\/futbolhoy.co\/index.php\/2023\/11\/01\/se-cae-la-gira-del-inter-miami-de-lionel-messi-por-asia\/","title":{"rendered":"Se cae la gira del Inter Miami de Lionel Messi por Asia"},"content":{"rendered":"<p style=\"text-align: justify;\"><span style=\"font-family: helvetica, arial, sans-serif;\">El equipo de <strong>Gerardo Martino<\/strong> cancel\u00f3 los amistosos que ten\u00eda programados en <strong>China<\/strong> para la segunda semana de noviembre y seguir\u00e1 entrenando en <strong>Fort Lauderdale<\/strong> hasta el 17 del mismo mes.<\/span><\/p>\n<p style=\"text-align: justify;\"><span style=\"font-family: helvetica, arial, sans-serif;\">Aunque el equipo de <strong>La Florida<\/strong> no descart\u00f3 otros amistosos, su gira por <strong>Asia<\/strong> se vio afectada por falta de permisos y comerciales de cara a los encuentros contra <strong>Qingado Hainiu y Chengdu Rongcheng<\/strong> el 5 y 8 de noviembre, respectivamente, y la decisi\u00f3n de no continuar con el proceso de la gira por Asia se tom\u00f3 por el equipo este mi\u00e9rcoles previo a su viaje a <strong>China.<\/strong><\/span><\/p>\n<p style=\"text-align: justify;\"><span style=\"font-family: helvetica, arial, sans-serif;\">Pese a que el equipo de <strong>Messi, Busquets y Jordi Alba<\/strong> seguir\u00e1 entrenando hasta mediados de noviembre, sus directivas ya se encuentran en la tarea de buscar m\u00e1s partidos amistosos para el equipo rosa, adem\u00e1s del ya confirmado contra <strong>Newell&#8217;s Old Boys,<\/strong> con el que Lionel Messi volver\u00e1 a su ciudad natal y al estadio del equipo rojinegro en febrero de 2024 en Rosario, Argentina a falta de confirmaci\u00f3n de algunos detalles. <\/span><\/p>\n<p style=\"text-align: justify;\"><span style=\"font-family: helvetica, arial, sans-serif;\">Los dirigidos por el <strong>Tata Martino<\/strong> siguen entrenando desde su eliminaci\u00f3n de la <strong>MLS<\/strong> el pasado 21 de octubre hasta el previo de la quinta y sexta fecha de las clasificatorias suramericanas de noviembre, cuando Lionel Messi saldr\u00e1 a un largo descanso.<\/span><\/p>\n<p style=\"text-align: justify;\"><span style=\"font-family: helvetica, arial, sans-serif;\">\u00abEs la primera vez que voy a tener muchos m\u00e1s d\u00edas de vacaciones en diciembre, para las fiestas con tranquilidad y con mi gente\u00bb, expres\u00f3 el ganador del<strong> Bal\u00f3n de Oro.<\/strong><\/span><\/p>\n","protected":false},"excerpt":{"rendered":"<p>El equipo de Gerardo Martino cancel\u00f3 los amistosos que ten\u00eda programados en China para la segunda semana de noviembre y seguir\u00e1 entrenando en Fort Lauderdale hasta el 17 del mismo mes. Aunque el equipo de La Florida no descart\u00f3 otros amistosos, su gira por Asia se vio afectada por falta de permisos y comerciales de [&hellip;]<\/p>\n","protected":false},"author":4,"featured_media":100635,"comment_status":"open","ping_status":"closed","sticky":false,"template":"","format":"standard","meta":{"_acf_changed":false,"footnotes":""},"categories":[152],"tags":[],"class_list":{"0":"post-100634","1":"post","2":"type-post","3":"status-publish","4":"format-standard","5":"has-post-thumbnail","7":"category-mundo-futbol"},"acf":[],"_links":{"self":[{"href":"https:\/\/futbolhoy.co\/index.php\/wp-json\/wp\/v2\/posts\/100634","targetHints":{"allow":["GET"]}}],"collection":[{"href":"https:\/\/futbolhoy.co\/index.php\/wp-json\/wp\/v2\/posts"}],"about":[{"href":"https:\/\/futbolhoy.co\/index.php\/wp-json\/wp\/v2\/types\/post"}],"author":[{"embeddable":true,"href":"https:\/\/futbolhoy.co\/index.php\/wp-json\/wp\/v2\/users\/4"}],"replies":[{"embeddable":true,"href":"https:\/\/futbolhoy.co\/index.php\/wp-json\/wp\/v2\/comments?post=100634"}],"version-history":[{"count":1,"href":"https:\/\/futbolhoy.co\/index.php\/wp-json\/wp\/v2\/posts\/100634\/revisions"}],"predecessor-version":[{"id":100636,"href":"https:\/\/futbolhoy.co\/index.php\/wp-json\/wp\/v2\/posts\/100634\/revisions\/100636"}],"wp:featuredmedia":[{"embeddable":true,"href":"https:\/\/futbolhoy.co\/index.php\/wp-json\/wp\/v2\/media\/100635"}],"wp:attachment":[{"href":"https:\/\/futbolhoy.co\/index.php\/wp-json\/wp\/v2\/media?parent=100634"}],"wp:term":[{"taxonomy":"category","embeddable":true,"href":"https:\/\/futbolhoy.co\/index.php\/wp-json\/wp\/v2\/categories?post=100634"},{"taxonomy":"post_tag","embeddable":true,"href":"https:\/\/futbolhoy.co\/index.php\/wp-json\/wp\/v2\/tags?post=100634"}],"curies":[{"name":"wp","href":"https:\/\/api.w.org\/{rel}","templated":true}]}}