{"id":100637,"date":"2023-11-01T15:36:36","date_gmt":"2023-11-01T20:36:36","guid":{"rendered":"https:\/\/futbolhoy.co\/?p=100637"},"modified":"2023-11-02T17:43:43","modified_gmt":"2023-11-02T22:43:43","slug":"nacional-tomo-decision-sobre-continuidad-de-jhon-bodmer","status":"publish","type":"post","link":"https:\/\/futbolhoy.co\/index.php\/2023\/11\/01\/nacional-tomo-decision-sobre-continuidad-de-jhon-bodmer\/","title":{"rendered":"Nacional tom\u00f3 decisi\u00f3n sobre continuidad de Jhon Bodmer"},"content":{"rendered":"<p style=\"text-align: justify;\"><span style=\"font-family: helvetica, arial, sans-serif;\"><strong>Atl\u00e9tico Nacional<\/strong> hizo oficial la decisi\u00f3n que se tom\u00f3 con el t\u00e9cnico<strong> Jhon Jairo Bodmer,<\/strong> quien est\u00e1 al frente desde la salida de <strong>William<\/strong> <strong>Amaral<\/strong> el pasado 9 de octubre. El estratega bogotano fue ratificado como entrenador en propiedad y seguir\u00e1 al frente del cuadro verdolaga.<\/span><\/p>\n<p style=\"text-align: justify;\"><span style=\"font-family: helvetica, arial, sans-serif;\">\u201cHemos tomado la importante decisi\u00f3n de ratificar a Jhon Bodmer como nuestro director t\u00e9cnico en propiedad, eso como muestra del respaldo y la confianza que tenemos en su trabajo, que se acomoda y se alinea de manera perfecta con nuestro proyecto\u201d, se\u00f1al\u00f3 el cuadro antioque\u00f1o este mi\u00e9rcoles.<\/span><\/p>\n<p style=\"text-align: justify;\"><span style=\"font-family: helvetica, arial, sans-serif;\">Bodmer ha dejado gran impresi\u00f3n en el corto tiempo que lleva al frente del equipo paisa, sobre todo porque no solo ha dejado buenos resultados con la clasificaci\u00f3n a los cuadrangulares semifinales de la <strong>Liga BetPlay<\/strong>, sino tambi\u00e9n celebran los hinchas el buen f\u00fatbol que se est\u00e1 mostrando en la cancha.<\/span><\/p>\n<p style=\"text-align: justify;\"><span style=\"font-family: helvetica, arial, sans-serif;\">\u201cHay un sentimiento de gratitud, hay emoci\u00f3n, tambi\u00e9n una responsabilidad grande, pero realmente es satisfactorio sentir el respaldo de toda la instituci\u00f3n, desde directivos hasta la plantilla\u201d, dijo el entrenador bogotano tras su ratificaci\u00f3n.<\/span><\/p>\n","protected":false},"excerpt":{"rendered":"<p>Atl\u00e9tico Nacional hizo oficial la decisi\u00f3n que se tom\u00f3 con el t\u00e9cnico Jhon Jairo Bodmer, quien est\u00e1 al frente desde la salida de William Amaral el pasado 9 de octubre. El estratega bogotano fue ratificado como entrenador en propiedad y seguir\u00e1 al frente del cuadro verdolaga. \u201cHemos tomado la importante decisi\u00f3n de ratificar a Jhon [&hellip;]<\/p>\n","protected":false},"author":4,"featured_media":100638,"comment_status":"open","ping_status":"closed","sticky":false,"template":"","format":"standard","meta":{"_acf_changed":false,"footnotes":""},"categories":[7],"tags":[],"class_list":{"0":"post-100637","1":"post","2":"type-post","3":"status-publish","4":"format-standard","5":"has-post-thumbnail","7":"category-liga-betplay"},"acf":[],"_links":{"self":[{"href":"https:\/\/futbolhoy.co\/index.php\/wp-json\/wp\/v2\/posts\/100637","targetHints":{"allow":["GET"]}}],"collection":[{"href":"https:\/\/futbolhoy.co\/index.php\/wp-json\/wp\/v2\/posts"}],"about":[{"href":"https:\/\/futbolhoy.co\/index.php\/wp-json\/wp\/v2\/types\/post"}],"author":[{"embeddable":true,"href":"https:\/\/futbolhoy.co\/index.php\/wp-json\/wp\/v2\/users\/4"}],"replies":[{"embeddable":true,"href":"https:\/\/futbolhoy.co\/index.php\/wp-json\/wp\/v2\/comments?post=100637"}],"version-history":[{"count":1,"href":"https:\/\/futbolhoy.co\/index.php\/wp-json\/wp\/v2\/posts\/100637\/revisions"}],"predecessor-version":[{"id":100639,"href":"https:\/\/futbolhoy.co\/index.php\/wp-json\/wp\/v2\/posts\/100637\/revisions\/100639"}],"wp:featuredmedia":[{"embeddable":true,"href":"https:\/\/futbolhoy.co\/index.php\/wp-json\/wp\/v2\/media\/100638"}],"wp:attachment":[{"href":"https:\/\/futbolhoy.co\/index.php\/wp-json\/wp\/v2\/media?parent=100637"}],"wp:term":[{"taxonomy":"category","embeddable":true,"href":"https:\/\/futbolhoy.co\/index.php\/wp-json\/wp\/v2\/categories?post=100637"},{"taxonomy":"post_tag","embeddable":true,"href":"https:\/\/futbolhoy.co\/index.php\/wp-json\/wp\/v2\/tags?post=100637"}],"curies":[{"name":"wp","href":"https:\/\/api.w.org\/{rel}","templated":true}]}}