{"id":100640,"date":"2023-11-01T17:51:40","date_gmt":"2023-11-01T22:51:40","guid":{"rendered":"https:\/\/futbolhoy.co\/?p=100640"},"modified":"2023-11-01T17:51:40","modified_gmt":"2023-11-01T22:51:40","slug":"cardona-y-bacca-regresan-a-la-seleccion-podrian-estar-ante-brasil-y-paraguay","status":"publish","type":"post","link":"https:\/\/futbolhoy.co\/index.php\/2023\/11\/01\/cardona-y-bacca-regresan-a-la-seleccion-podrian-estar-ante-brasil-y-paraguay\/","title":{"rendered":"\u00bfCardona y Bacca regresan a la Selecci\u00f3n? Podr\u00edan estar ante Brasil y Paraguay"},"content":{"rendered":"<p style=\"text-align: justify;\"><span style=\"font-family: helvetica, arial, sans-serif;\">La pr\u00f3xima semana se prev\u00e9 que salga la convocatoria de la <strong>Selecci\u00f3n<\/strong> <strong>Colombia<\/strong> para los duelos ante <strong>Brasil<\/strong> y <strong>Paraguay<\/strong> el 16 y 21 de noviembre respectivamente en los \u00faltimos dos juegos de la <strong>Eliminatoria<\/strong> al <strong>Mundial<\/strong> del a\u00f1o.<\/span><\/p>\n<p style=\"text-align: justify;\"><span style=\"font-family: helvetica, arial, sans-serif;\">Como suele esperarse, estar\u00e1n algunos jugadores de la <strong>Liga Colombiana<\/strong> y es que en esta oportunidad hay un aproximado de bloqueados del torneo local de 16 jugadores. Entre ellos, destacan los nombres de algunos jugadores que podr\u00edan volver a vestir la Tricolor, como <strong>Edwin Cardona, Carlos Bacca, Carlos Darwin Quintero o Dorlan Pab\u00f3n.<\/strong><\/span><\/p>\n<p style=\"text-align: justify;\"><span style=\"font-family: helvetica, arial, sans-serif;\">Es de mencionar, que para la pasada doble fecha de Eliminatorias ante <strong>Uruguay<\/strong> y <strong>Ecuador,<\/strong> el entrenador <strong>N\u00e9stor Lorenzo<\/strong> llam\u00f3 a cuatro jugadores del rentado nacional: <strong>Leonardo Castro (Millonarios), \u00c1lvaro Montero (Millonarios), Kevin Mier (Nacional) y Jos\u00e9 Luis Chunga (DIM)<\/strong><\/span><\/p>\n<p style=\"text-align: justify;\"><strong><span style=\"font-family: helvetica, arial, sans-serif;\">Lista de jugadores del FPC bloqueados<\/span><\/strong><\/p>\n<p style=\"text-align: justify;\"><span style=\"font-family: helvetica, arial, sans-serif;\">-Juan Camilo Portilla (Am\u00e9rica).<\/span><br \/>\n<span style=\"font-family: helvetica, arial, sans-serif;\">-Edwin Cardona (Am\u00e9rica).<\/span><br \/>\n<span style=\"font-family: helvetica, arial, sans-serif;\">-Cristian Barrios (Am\u00e9rica).<\/span><br \/>\n<span style=\"font-family: helvetica, arial, sans-serif;\">-Carlos Darwin Quintero (Am\u00e9rica).<\/span><br \/>\n<span style=\"font-family: helvetica, arial, sans-serif;\">-Andr\u00e9s Llin\u00e1s (Millonarios).<\/span><br \/>\n<span style=\"font-family: helvetica, arial, sans-serif;\">-\u00c1lvaro Montero (Millonarios)<\/span><br \/>\n<span style=\"font-family: helvetica, arial, sans-serif;\">-Leonardo Castro (Millonarios)<\/span><br \/>\n<span style=\"font-family: helvetica, arial, sans-serif;\">-Jeison QUi\u00f1\u00f3nes (\u00c1guilas Doradas).<\/span><br \/>\n<span style=\"font-family: helvetica, arial, sans-serif;\">-Jhon Salazar (\u00c1guilas Doradas).<\/span><br \/>\n<span style=\"font-family: helvetica, arial, sans-serif;\">-Mateo Puerta (\u00c1guilas Doradas).<\/span><br \/>\n<span style=\"font-family: helvetica, arial, sans-serif;\">-Kevin Mier (Atl\u00e9tico Nacional).<\/span><br \/>\n<span style=\"font-family: helvetica, arial, sans-serif;\">-Dorlan Pab\u00f3n (Atl\u00e9tico Nacional).<\/span><br \/>\n<span style=\"font-family: helvetica, arial, sans-serif;\">-Homer Mart\u00ednez (Junior).<\/span><br \/>\n<span style=\"font-family: helvetica, arial, sans-serif;\">-Carlos Bacca (Junior).<\/span><br \/>\n<span style=\"font-family: helvetica, arial, sans-serif;\">-Jos\u00e9 Luis Chunga (Independiente Medell\u00edn).<\/span><br \/>\n<span style=\"font-family: helvetica, arial, sans-serif;\">-Edwin Cetr\u00e9 (Independiente Medell\u00edn).<\/span><\/p>\n","protected":false},"excerpt":{"rendered":"<p>La pr\u00f3xima semana se prev\u00e9 que salga la convocatoria de la Selecci\u00f3n Colombia para los duelos ante Brasil y Paraguay el 16 y 21 de noviembre respectivamente en los \u00faltimos dos juegos de la Eliminatoria al Mundial del a\u00f1o. Como suele esperarse, estar\u00e1n algunos jugadores de la Liga Colombiana y es que en esta oportunidad [&hellip;]<\/p>\n","protected":false},"author":4,"featured_media":100641,"comment_status":"open","ping_status":"closed","sticky":false,"template":"","format":"standard","meta":{"_acf_changed":false,"footnotes":""},"categories":[5],"tags":[],"class_list":{"0":"post-100640","1":"post","2":"type-post","3":"status-publish","4":"format-standard","5":"has-post-thumbnail","7":"category-destacados"},"acf":[],"_links":{"self":[{"href":"https:\/\/futbolhoy.co\/index.php\/wp-json\/wp\/v2\/posts\/100640","targetHints":{"allow":["GET"]}}],"collection":[{"href":"https:\/\/futbolhoy.co\/index.php\/wp-json\/wp\/v2\/posts"}],"about":[{"href":"https:\/\/futbolhoy.co\/index.php\/wp-json\/wp\/v2\/types\/post"}],"author":[{"embeddable":true,"href":"https:\/\/futbolhoy.co\/index.php\/wp-json\/wp\/v2\/users\/4"}],"replies":[{"embeddable":true,"href":"https:\/\/futbolhoy.co\/index.php\/wp-json\/wp\/v2\/comments?post=100640"}],"version-history":[{"count":1,"href":"https:\/\/futbolhoy.co\/index.php\/wp-json\/wp\/v2\/posts\/100640\/revisions"}],"predecessor-version":[{"id":100642,"href":"https:\/\/futbolhoy.co\/index.php\/wp-json\/wp\/v2\/posts\/100640\/revisions\/100642"}],"wp:featuredmedia":[{"embeddable":true,"href":"https:\/\/futbolhoy.co\/index.php\/wp-json\/wp\/v2\/media\/100641"}],"wp:attachment":[{"href":"https:\/\/futbolhoy.co\/index.php\/wp-json\/wp\/v2\/media?parent=100640"}],"wp:term":[{"taxonomy":"category","embeddable":true,"href":"https:\/\/futbolhoy.co\/index.php\/wp-json\/wp\/v2\/categories?post=100640"},{"taxonomy":"post_tag","embeddable":true,"href":"https:\/\/futbolhoy.co\/index.php\/wp-json\/wp\/v2\/tags?post=100640"}],"curies":[{"name":"wp","href":"https:\/\/api.w.org\/{rel}","templated":true}]}}