{"id":100646,"date":"2023-11-02T09:20:58","date_gmt":"2023-11-02T14:20:58","guid":{"rendered":"https:\/\/futbolhoy.co\/?p=100646"},"modified":"2023-11-03T08:46:09","modified_gmt":"2023-11-03T13:46:09","slug":"se-comienza-a-mover-el-mercado-santa-fe-sumaria-dos-fichajes","status":"publish","type":"post","link":"https:\/\/futbolhoy.co\/index.php\/2023\/11\/02\/se-comienza-a-mover-el-mercado-santa-fe-sumaria-dos-fichajes\/","title":{"rendered":"Se comienza a mover el mercado: Santa Fe sumar\u00eda dos fichajes"},"content":{"rendered":"<p style=\"font-weight: 400; text-align: justify;\"><span style=\"font-family: helvetica, arial, sans-serif;\"><b>Con un 2023 para el olvido<\/b><span style=\"font-weight: 400;\">, en Santa Fe ya quieren pasar la p\u00e1gina de un a\u00f1o de <\/span><b>fracasos<\/b><span style=\"font-weight: 400;\"> y para eso ya preparan comenzar a moverse en el mercado de fichajes: un central y un extremo.\u00a0<\/span><\/span><\/p>\n<p style=\"font-weight: 400; text-align: justify;\"><span style=\"font-family: helvetica, arial, sans-serif;\"><b>Santa Fe <\/b><span style=\"font-weight: 400;\">est\u00e1 por quedar completamente eliminado de la <\/span><b>Liga BetPlay<\/b><span style=\"font-weight: 400;\">, a falta del \u00faltimo partido de todos contra todos, si bien queda una posibilidad matem\u00e1tica, el camino es realmente casi imposible.\u00a0<\/span><\/span><\/p>\n<p style=\"font-weight: 400; text-align: justify;\"><span style=\"font-family: helvetica, arial, sans-serif;\"><span style=\"font-weight: 400;\">Adem\u00e1s de no entrar a los ocho en ninguno de los dos semestres de este 2023, <\/span><b>Santa Fe<\/b><span style=\"font-weight: 400;\"> qued\u00f3 fuera de la <\/span><b>Copa Sudamericana<\/b><span style=\"font-weight: 400;\"> en la fase de grupos y se despidi\u00f3 de la <\/span><b>Copa Colombia <\/b><span style=\"font-weight: 400;\">en los cuartos de final a manos del <\/span><b>Deportivo Pereira.\u00a0<\/b><\/span><\/p>\n<p style=\"font-weight: 400; text-align: justify;\"><span style=\"font-family: helvetica, arial, sans-serif;\"><span style=\"font-weight: 400;\">Con <\/span><b>Pablo Peirano como nuevo t\u00e9cnico<\/b><span style=\"font-weight: 400;\">, Santa Fe busca darle vuelta a la p\u00e1gina e intentar mejorar el rendimiento en 2024, por lo que en las pr\u00f3ximas semanas confirmar\u00eda el regreso de dos jugadores para sumarse a la plantilla.\u00a0<\/span><\/span><\/p>\n<p style=\"font-weight: 400; text-align: justify;\"><span style=\"font-family: helvetica, arial, sans-serif;\"><span style=\"font-weight: 400;\">Se trata por un lado de <\/span><b>Wilfrido de la Rosa<\/b><span style=\"font-weight: 400;\">, quien estaba a pr\u00e9stamo en Atl\u00e9tico Huila y con la eliminaci\u00f3n del equipo opita volver\u00e1 a vestirse con la camiseta del Le\u00f3n. A su vez, <\/span><b>Alejandro Moralez<\/b><span style=\"font-weight: 400;\"> tambi\u00e9n regresar\u00eda al cuadro cardenal tras su paso por Fortaleza.\u00a0<\/span><\/span><\/p>\n<p style=\"font-weight: 400; text-align: justify;\"><span style=\"font-family: helvetica, arial, sans-serif;\"><span style=\"font-weight: 400;\">El <\/span><b>central ha sido pieza fundamental <\/b><span style=\"font-weight: 400;\">en la defensa del equipo bogotano, que actualmente est\u00e1 en la lucha por ascender a la Primera Categor\u00eda para 2024, ha jugado 40 partidos como titular este a\u00f1o.\u00a0<\/span><\/span><\/p>\n<p style=\"font-weight: 400; text-align: justify;\"><span style=\"font-family: helvetica, arial, sans-serif;\"><span style=\"font-weight: 400;\">Por lo pronto, <\/span><b>Santa Fe mand\u00f3 a vacaciones<\/b><span style=\"font-weight: 400;\"> a casi toda la plantilla a pesar de que todav\u00eda queda un partido por disputar.\u00a0<\/span><\/span><\/p>\n","protected":false},"excerpt":{"rendered":"<p>Con un 2023 para el olvido, en Santa Fe ya quieren pasar la p\u00e1gina de un a\u00f1o de fracasos y para eso ya preparan comenzar a moverse en el mercado de fichajes: un central y un extremo.\u00a0 Santa Fe est\u00e1 por quedar completamente eliminado de la Liga BetPlay, a falta del \u00faltimo partido de todos [&hellip;]<\/p>\n","protected":false},"author":4,"featured_media":100407,"comment_status":"open","ping_status":"closed","sticky":false,"template":"","format":"standard","meta":{"_acf_changed":false,"footnotes":""},"categories":[7],"tags":[],"class_list":{"0":"post-100646","1":"post","2":"type-post","3":"status-publish","4":"format-standard","5":"has-post-thumbnail","7":"category-liga-betplay"},"acf":[],"_links":{"self":[{"href":"https:\/\/futbolhoy.co\/index.php\/wp-json\/wp\/v2\/posts\/100646","targetHints":{"allow":["GET"]}}],"collection":[{"href":"https:\/\/futbolhoy.co\/index.php\/wp-json\/wp\/v2\/posts"}],"about":[{"href":"https:\/\/futbolhoy.co\/index.php\/wp-json\/wp\/v2\/types\/post"}],"author":[{"embeddable":true,"href":"https:\/\/futbolhoy.co\/index.php\/wp-json\/wp\/v2\/users\/4"}],"replies":[{"embeddable":true,"href":"https:\/\/futbolhoy.co\/index.php\/wp-json\/wp\/v2\/comments?post=100646"}],"version-history":[{"count":1,"href":"https:\/\/futbolhoy.co\/index.php\/wp-json\/wp\/v2\/posts\/100646\/revisions"}],"predecessor-version":[{"id":100647,"href":"https:\/\/futbolhoy.co\/index.php\/wp-json\/wp\/v2\/posts\/100646\/revisions\/100647"}],"wp:featuredmedia":[{"embeddable":true,"href":"https:\/\/futbolhoy.co\/index.php\/wp-json\/wp\/v2\/media\/100407"}],"wp:attachment":[{"href":"https:\/\/futbolhoy.co\/index.php\/wp-json\/wp\/v2\/media?parent=100646"}],"wp:term":[{"taxonomy":"category","embeddable":true,"href":"https:\/\/futbolhoy.co\/index.php\/wp-json\/wp\/v2\/categories?post=100646"},{"taxonomy":"post_tag","embeddable":true,"href":"https:\/\/futbolhoy.co\/index.php\/wp-json\/wp\/v2\/tags?post=100646"}],"curies":[{"name":"wp","href":"https:\/\/api.w.org\/{rel}","templated":true}]}}