{"id":100648,"date":"2023-11-02T11:28:09","date_gmt":"2023-11-02T16:28:09","guid":{"rendered":"https:\/\/futbolhoy.co\/?p=100648"},"modified":"2023-11-02T11:28:09","modified_gmt":"2023-11-02T16:28:09","slug":"atencion-eln-tiene-secuestrado-al-papa-de-luis-diaz","status":"publish","type":"post","link":"https:\/\/futbolhoy.co\/index.php\/2023\/11\/02\/atencion-eln-tiene-secuestrado-al-papa-de-luis-diaz\/","title":{"rendered":"Atenci\u00f3n: ELN tiene secuestrado al pap\u00e1 de Luis D\u00edaz"},"content":{"rendered":"<p style=\"font-weight: 400; text-align: justify;\"><span style=\"font-family: helvetica, arial, sans-serif;\"><span style=\"font-weight: 400;\">Este jueves el <\/span><b>gobierno nacional<\/b><span style=\"font-weight: 400;\"> confirm\u00f3 que el grupo guerrillero <\/span><b>ELN<\/b><span style=\"font-weight: 400;\"> es el responsable del secuestro del se\u00f1or <\/span><b>Luis Manuel D\u00edaz, padre del futbolista colombiano del Liverpool.\u00a0<\/b><\/span><\/p>\n<p style=\"font-weight: 400; text-align: justify;\"><span style=\"font-family: helvetica, arial, sans-serif;\"><span style=\"font-weight: 400;\">Por medio de un comunicado, el<\/span> <b>jefe negociador de paz con el ELN, Otty Pati\u00f1o,<\/b><span style=\"font-weight: 400;\"> confirm\u00f3 que el grupo guerrillero fue el autor del secuestro del pap\u00e1 de Luis D\u00edaz, el pasado s\u00e1bado en Barrancas, La Guajira.\u00a0<\/span><\/span><\/p>\n<p style=\"font-weight: 400; text-align: justify;\"><span style=\"font-family: helvetica, arial, sans-serif;\"><b>\u201c<\/b><span style=\"font-weight: 400;\">En el d\u00eda de hoy hemos tenido conocimiento oficial que el secuestro perpetrado el pasado 28 de octubre, en Barrancas, departamento de La Guajira, del que fueron v\u00edctimas <\/span><b>Luis Manuel D\u00edaz y Cilenis Marulanda<\/b><span style=\"font-weight: 400;\">, padre y madre del jugador de f\u00fatbol <\/span><b>Luis Fernando D\u00edaz <\/b><span style=\"font-weight: 400;\">Marulanda, fue perpetrado por una unidad perteneciente al ELN\u201d, dice el comunicado del jefe negociador.\u00a0<\/span><\/span><\/p>\n<p style=\"font-weight: 400; text-align: justify;\"><span style=\"font-family: helvetica, arial, sans-serif;\"><span style=\"font-weight: 400;\">El Gobierno exigi\u00f3 la inmediata liberaci\u00f3n del padre del jugador de la Selecci\u00f3n Colombia, destacando que \u201cel secuestro es una pr\u00e1ctica criminal, violatoria <\/span><b>del Derecho Internacional Humanitario<\/b><span style=\"font-weight: 400;\"> y es que es su deber en el desarrollo del actual proceso de paz, no solo dejar de ejecutarla, sino adem\u00e1s eliminarla para siempre\u00bb.\u00a0<\/span><\/span><\/p>\n","protected":false},"excerpt":{"rendered":"<p>Este jueves el gobierno nacional confirm\u00f3 que el grupo guerrillero ELN es el responsable del secuestro del se\u00f1or Luis Manuel D\u00edaz, padre del futbolista colombiano del Liverpool.\u00a0 Por medio de un comunicado, el jefe negociador de paz con el ELN, Otty Pati\u00f1o, confirm\u00f3 que el grupo guerrillero fue el autor del secuestro del pap\u00e1 de [&hellip;]<\/p>\n","protected":false},"author":4,"featured_media":100649,"comment_status":"open","ping_status":"closed","sticky":false,"template":"","format":"standard","meta":{"_acf_changed":false,"footnotes":""},"categories":[5],"tags":[],"class_list":{"0":"post-100648","1":"post","2":"type-post","3":"status-publish","4":"format-standard","5":"has-post-thumbnail","7":"category-destacados"},"acf":[],"_links":{"self":[{"href":"https:\/\/futbolhoy.co\/index.php\/wp-json\/wp\/v2\/posts\/100648","targetHints":{"allow":["GET"]}}],"collection":[{"href":"https:\/\/futbolhoy.co\/index.php\/wp-json\/wp\/v2\/posts"}],"about":[{"href":"https:\/\/futbolhoy.co\/index.php\/wp-json\/wp\/v2\/types\/post"}],"author":[{"embeddable":true,"href":"https:\/\/futbolhoy.co\/index.php\/wp-json\/wp\/v2\/users\/4"}],"replies":[{"embeddable":true,"href":"https:\/\/futbolhoy.co\/index.php\/wp-json\/wp\/v2\/comments?post=100648"}],"version-history":[{"count":1,"href":"https:\/\/futbolhoy.co\/index.php\/wp-json\/wp\/v2\/posts\/100648\/revisions"}],"predecessor-version":[{"id":100650,"href":"https:\/\/futbolhoy.co\/index.php\/wp-json\/wp\/v2\/posts\/100648\/revisions\/100650"}],"wp:featuredmedia":[{"embeddable":true,"href":"https:\/\/futbolhoy.co\/index.php\/wp-json\/wp\/v2\/media\/100649"}],"wp:attachment":[{"href":"https:\/\/futbolhoy.co\/index.php\/wp-json\/wp\/v2\/media?parent=100648"}],"wp:term":[{"taxonomy":"category","embeddable":true,"href":"https:\/\/futbolhoy.co\/index.php\/wp-json\/wp\/v2\/categories?post=100648"},{"taxonomy":"post_tag","embeddable":true,"href":"https:\/\/futbolhoy.co\/index.php\/wp-json\/wp\/v2\/tags?post=100648"}],"curies":[{"name":"wp","href":"https:\/\/api.w.org\/{rel}","templated":true}]}}