{"id":10079,"date":"2017-11-23T08:04:57","date_gmt":"2017-11-23T13:04:57","guid":{"rendered":"http:\/\/futbolhoy.co\/?p=10079"},"modified":"2017-11-23T18:47:14","modified_gmt":"2017-11-23T23:47:14","slug":"junior-apoyado-en-chateo-buscara-victoria-en-brasil-por-la-sudamericana","status":"publish","type":"post","link":"https:\/\/futbolhoy.co\/index.php\/2017\/11\/23\/junior-apoyado-en-chateo-buscara-victoria-en-brasil-por-la-sudamericana\/","title":{"rendered":"Junior apoyado en \u201cChaTeo\u201d, buscar\u00e1 victoria en Brasil por la Sudamericana"},"content":{"rendered":"<p style=\"text-align: justify;\"><strong>Flamengo<\/strong>, sin su estrella el peruano <strong>Paolo Guerrero<\/strong>, tratar\u00e1 de beneficiarse este jueves de la fuerza de un <strong>Maracan\u00e1<\/strong> a reventar para sacar ventaja contra <strong>Atl\u00e9tico Junior,<\/strong> en partido de ida de semifinales de la <strong>Copa Sudamericana.<\/strong><u><\/u><u><\/u><\/p>\n<p style=\"text-align: justify;\">La baja de Guerrero, sancionado por dopaje, preocupa a los brasile\u00f1os pero no empa\u00f1a su sue\u00f1o de levantar la Copa Sudamericana.<u><\/u><u><\/u><\/p>\n<p style=\"text-align: justify;\">Despu\u00e9s de perder la <strong>Copa Brasil<\/strong> ante <strong>Cruzeiro<\/strong> por penales, la <strong>Sudamericana<\/strong> es la gran apuesta del t\u00e9cnico <strong>Reinaldo Rueda,<\/strong> que deber\u00e1 afrontar el choque con las bajas por lesi\u00f3n de <strong>R\u00e9ver<\/strong>, <strong>Everton<\/strong> y del colombiano <strong>Orlando Berr\u00edo.<\/strong><u><\/u><u><\/u><\/p>\n<p style=\"text-align: justify;\">Entretanto, desde Rio de Janiero, el t\u00e9cnico uruguayo <strong>Julio Comesa\u00f1a<\/strong> conf\u00eda en un buen partido para el equipo barranquillero.<u><\/u><u><\/u><\/p>\n<p style=\"text-align: justify;\">\u00abLos conocemos. Sabemos c\u00f3mo piensan, c\u00f3mo hacen las cosas y sabemos de su capacidad. Nos alegra mucho venir aqu\u00ed y enfrentar al Fla, porque sabemos que ser\u00e1 un gran partido\u00bb, sostuvo.<u><\/u><u><\/u><\/p>\n<p style=\"text-align: justify;\">El partido se disputar\u00e1 en el estadio Maracan\u00e1 desde las 6.45 de la tarde, hora colombiana, bajo las \u00f3rdenes del \u00e1rbitro venezolano <strong>Jos\u00e9 Argote.<\/strong><u><\/u><u><\/u><\/p>\n<p style=\"text-align: justify;\">La vuelta ser\u00e1 el pr\u00f3ximo d\u00eda 30 en Colombia, el mismo d\u00eda en que est\u00e1 marcado el juicio por dopaje de Guerrero.<u><\/u><u><\/u><\/p>\n<p style=\"text-align: justify;\"><strong>Probables formaciones:<\/strong><u><\/u><u><\/u><\/p>\n<p style=\"text-align: justify;\"><strong>Flamengo<\/strong>: Diego Alves &#8211; Par\u00e1, Juan, R\u00e9ver, Miguel Trauco &#8211; Willian Ar\u00e3o, Gustavo Cu\u00e9llar &#8211; Diego, \u00c9verton Ribeiro, \u00c9verton &#8211; Felipe Vizeu.<u><\/u><u><\/u><\/p>\n<p style=\"text-align: justify;\"><strong>Junior<\/strong>: Sebasti\u00e1n Viera &#8211; Germ\u00e1n Guti\u00e9rrez, Marlon Piedrahita, Rafael P\u00e9rez, Jorge Arias &#8211; Leonardo Pico, Sebasti\u00e1n Hern\u00e1ndez, Leiner Escalante, Yimmi Char\u00e1 y Te\u00f3filo Guti\u00e9rrez.<\/p>\n","protected":false},"excerpt":{"rendered":"<p>Flamengo, sin su estrella el peruano Paolo Guerrero, tratar\u00e1 de beneficiarse este jueves de la fuerza de un Maracan\u00e1 a reventar para sacar ventaja contra Atl\u00e9tico Junior, en partido de ida de semifinales de la Copa Sudamericana. La baja de Guerrero, sancionado por dopaje, preocupa a los brasile\u00f1os pero no empa\u00f1a su sue\u00f1o de levantar [&hellip;]<\/p>\n","protected":false},"author":5,"featured_media":10066,"comment_status":"open","ping_status":"closed","sticky":false,"template":"","format":"standard","meta":{"_acf_changed":false,"footnotes":""},"categories":[152],"tags":[],"class_list":{"0":"post-10079","1":"post","2":"type-post","3":"status-publish","4":"format-standard","5":"has-post-thumbnail","7":"category-mundo-futbol"},"acf":[],"_links":{"self":[{"href":"https:\/\/futbolhoy.co\/index.php\/wp-json\/wp\/v2\/posts\/10079","targetHints":{"allow":["GET"]}}],"collection":[{"href":"https:\/\/futbolhoy.co\/index.php\/wp-json\/wp\/v2\/posts"}],"about":[{"href":"https:\/\/futbolhoy.co\/index.php\/wp-json\/wp\/v2\/types\/post"}],"author":[{"embeddable":true,"href":"https:\/\/futbolhoy.co\/index.php\/wp-json\/wp\/v2\/users\/5"}],"replies":[{"embeddable":true,"href":"https:\/\/futbolhoy.co\/index.php\/wp-json\/wp\/v2\/comments?post=10079"}],"version-history":[{"count":2,"href":"https:\/\/futbolhoy.co\/index.php\/wp-json\/wp\/v2\/posts\/10079\/revisions"}],"predecessor-version":[{"id":10081,"href":"https:\/\/futbolhoy.co\/index.php\/wp-json\/wp\/v2\/posts\/10079\/revisions\/10081"}],"wp:featuredmedia":[{"embeddable":true,"href":"https:\/\/futbolhoy.co\/index.php\/wp-json\/wp\/v2\/media\/10066"}],"wp:attachment":[{"href":"https:\/\/futbolhoy.co\/index.php\/wp-json\/wp\/v2\/media?parent=10079"}],"wp:term":[{"taxonomy":"category","embeddable":true,"href":"https:\/\/futbolhoy.co\/index.php\/wp-json\/wp\/v2\/categories?post=10079"},{"taxonomy":"post_tag","embeddable":true,"href":"https:\/\/futbolhoy.co\/index.php\/wp-json\/wp\/v2\/tags?post=10079"}],"curies":[{"name":"wp","href":"https:\/\/api.w.org\/{rel}","templated":true}]}}