{"id":10096,"date":"2017-11-24T07:11:57","date_gmt":"2017-11-24T12:11:57","guid":{"rendered":"http:\/\/futbolhoy.co\/?p=10096"},"modified":"2017-11-24T07:11:57","modified_gmt":"2017-11-24T12:11:57","slug":"junior-cayo-en-su-visita-a-flamengo-por-copa-suramericana","status":"publish","type":"post","link":"https:\/\/futbolhoy.co\/index.php\/2017\/11\/24\/junior-cayo-en-su-visita-a-flamengo-por-copa-suramericana\/","title":{"rendered":"Junior cay\u00f3 en su visita a Flamengo por Copa Suramericana"},"content":{"rendered":"<p style=\"font-weight: 400; text-align: justify;\"><strong>Flamengo<\/strong> venci\u00f3 2-1 a al <strong>Atl\u00e9tico Junior<\/strong> en el estadio <strong>Maracan\u00e1<\/strong> y tom\u00f3 ventaja en la ida por una semifinal de la Copa Sudamericana, que se decidir\u00e1 la pr\u00f3xima semana en Barranquilla.<\/p>\n<p>El equipo colombiano se adelant\u00f3 en el minuto 20 gracias a un tanto de <strong>Te\u00f3filo Guti\u00e9rrez<\/strong>, pero el defensa Juan y el delantero <strong>Felipe Vizeu,<\/strong> con un golazo de volea, dieron la vuelta al marcador en los \u00faltimos quince minutos del partido.<\/p>\n<p style=\"font-weight: 400; text-align: justify;\">Los dirigidos por <strong>Reinaldo Rueda<\/strong> fueron m\u00e1s persistentes y manejaron los ataques de <strong>Yimmi Char\u00e1<\/strong>, que fue una constante pesadilla para su defensa.<\/p>\n<p style=\"font-weight: 400; text-align: justify;\">El portero local <strong>Diego Alves<\/strong> dej\u00f3 el partido al minuto 19 luego de un desafortunado choque con Yony Gonz\u00e1lez que, seg\u00fan los primeros ex\u00e1menes, sufri\u00f3 una fractura en la clav\u00edcula.<\/p>\n","protected":false},"excerpt":{"rendered":"<p>Flamengo venci\u00f3 2-1 a al Atl\u00e9tico Junior en el estadio Maracan\u00e1 y tom\u00f3 ventaja en la ida por una semifinal de la Copa Sudamericana, que se decidir\u00e1 la pr\u00f3xima semana en Barranquilla. El equipo colombiano se adelant\u00f3 en el minuto 20 gracias a un tanto de Te\u00f3filo Guti\u00e9rrez, pero el defensa Juan y el delantero [&hellip;]<\/p>\n","protected":false},"author":5,"featured_media":10097,"comment_status":"open","ping_status":"closed","sticky":false,"template":"","format":"standard","meta":{"_acf_changed":false,"footnotes":""},"categories":[5,152],"tags":[91,97,90,96],"class_list":{"0":"post-10096","1":"post","2":"type-post","3":"status-publish","4":"format-standard","5":"has-post-thumbnail","7":"category-destacados","8":"category-mundo-futbol","9":"tag-copa-sudamericana","10":"tag-flamengo","11":"tag-junior","12":"tag-reinaldo-rueda"},"acf":[],"_links":{"self":[{"href":"https:\/\/futbolhoy.co\/index.php\/wp-json\/wp\/v2\/posts\/10096","targetHints":{"allow":["GET"]}}],"collection":[{"href":"https:\/\/futbolhoy.co\/index.php\/wp-json\/wp\/v2\/posts"}],"about":[{"href":"https:\/\/futbolhoy.co\/index.php\/wp-json\/wp\/v2\/types\/post"}],"author":[{"embeddable":true,"href":"https:\/\/futbolhoy.co\/index.php\/wp-json\/wp\/v2\/users\/5"}],"replies":[{"embeddable":true,"href":"https:\/\/futbolhoy.co\/index.php\/wp-json\/wp\/v2\/comments?post=10096"}],"version-history":[{"count":1,"href":"https:\/\/futbolhoy.co\/index.php\/wp-json\/wp\/v2\/posts\/10096\/revisions"}],"predecessor-version":[{"id":10098,"href":"https:\/\/futbolhoy.co\/index.php\/wp-json\/wp\/v2\/posts\/10096\/revisions\/10098"}],"wp:featuredmedia":[{"embeddable":true,"href":"https:\/\/futbolhoy.co\/index.php\/wp-json\/wp\/v2\/media\/10097"}],"wp:attachment":[{"href":"https:\/\/futbolhoy.co\/index.php\/wp-json\/wp\/v2\/media?parent=10096"}],"wp:term":[{"taxonomy":"category","embeddable":true,"href":"https:\/\/futbolhoy.co\/index.php\/wp-json\/wp\/v2\/categories?post=10096"},{"taxonomy":"post_tag","embeddable":true,"href":"https:\/\/futbolhoy.co\/index.php\/wp-json\/wp\/v2\/tags?post=10096"}],"curies":[{"name":"wp","href":"https:\/\/api.w.org\/{rel}","templated":true}]}}