{"id":10111,"date":"2017-11-24T13:44:56","date_gmt":"2017-11-24T18:44:56","guid":{"rendered":"http:\/\/futbolhoy.co\/?p=10111"},"modified":"2017-11-25T11:58:57","modified_gmt":"2017-11-25T16:58:57","slug":"james-titular-en-bayern-para-visitar-al-monchengladbach","status":"publish","type":"post","link":"https:\/\/futbolhoy.co\/index.php\/2017\/11\/24\/james-titular-en-bayern-para-visitar-al-monchengladbach\/","title":{"rendered":"James titular en Bayern para visitar al M\u00f6nchengladbach"},"content":{"rendered":"<p style=\"font-weight: 400; text-align: justify;\">El volante colombiano <strong>James Rodr\u00edguez<\/strong> fue confirmado como titular en la formaci\u00f3n que utilizar\u00e1 este s\u00e1bado el <strong>Bayern M\u00fanich<\/strong> ante <strong>Borussia M\u00f6nchengladbach<\/strong>, por la fecha 13 de la Bundesliga.<\/p>\n<p style=\"font-weight: 400; text-align: justify;\">\u00abHemos tenido lesiones duras durante las \u00faltimas semanas pero las hemos solucionado muy bien hasta ahora.\u00a0<strong>Javi Mart\u00ednez<\/strong>, James y Tolisso ser\u00e1n titulares\u00bb, dijo el entrenador del club,\u00a0<strong>Jupp Heynckes<\/strong><\/p>\n<p style=\"font-weight: 400; text-align: justify;\"><strong>James<\/strong> disputar\u00e1 el sexto partido como inicialista en el torneo, donde suma 2 goles.<\/p>\n<p style=\"font-weight: 400; text-align: justify;\">Bayern M\u00fanich domina el torneo con 29 puntos,\u00a0mientras que su rival es cuarto con 21.<\/p>\n","protected":false},"excerpt":{"rendered":"<p>El volante colombiano James Rodr\u00edguez fue confirmado como titular en la formaci\u00f3n que utilizar\u00e1 este s\u00e1bado el Bayern M\u00fanich ante Borussia M\u00f6nchengladbach, por la fecha 13 de la Bundesliga. \u00abHemos tenido lesiones duras durante las \u00faltimas semanas pero las hemos solucionado muy bien hasta ahora.\u00a0Javi Mart\u00ednez, James y Tolisso ser\u00e1n titulares\u00bb, dijo el entrenador del [&hellip;]<\/p>\n","protected":false},"author":5,"featured_media":10107,"comment_status":"open","ping_status":"closed","sticky":false,"template":"","format":"standard","meta":{"_acf_changed":false,"footnotes":""},"categories":[153],"tags":[88,87],"class_list":{"0":"post-10111","1":"post","2":"type-post","3":"status-publish","4":"format-standard","5":"has-post-thumbnail","7":"category-selecion-colombia","8":"tag-bayern-munich","9":"tag-james-rodriguez"},"acf":[],"_links":{"self":[{"href":"https:\/\/futbolhoy.co\/index.php\/wp-json\/wp\/v2\/posts\/10111","targetHints":{"allow":["GET"]}}],"collection":[{"href":"https:\/\/futbolhoy.co\/index.php\/wp-json\/wp\/v2\/posts"}],"about":[{"href":"https:\/\/futbolhoy.co\/index.php\/wp-json\/wp\/v2\/types\/post"}],"author":[{"embeddable":true,"href":"https:\/\/futbolhoy.co\/index.php\/wp-json\/wp\/v2\/users\/5"}],"replies":[{"embeddable":true,"href":"https:\/\/futbolhoy.co\/index.php\/wp-json\/wp\/v2\/comments?post=10111"}],"version-history":[{"count":1,"href":"https:\/\/futbolhoy.co\/index.php\/wp-json\/wp\/v2\/posts\/10111\/revisions"}],"predecessor-version":[{"id":10112,"href":"https:\/\/futbolhoy.co\/index.php\/wp-json\/wp\/v2\/posts\/10111\/revisions\/10112"}],"wp:featuredmedia":[{"embeddable":true,"href":"https:\/\/futbolhoy.co\/index.php\/wp-json\/wp\/v2\/media\/10107"}],"wp:attachment":[{"href":"https:\/\/futbolhoy.co\/index.php\/wp-json\/wp\/v2\/media?parent=10111"}],"wp:term":[{"taxonomy":"category","embeddable":true,"href":"https:\/\/futbolhoy.co\/index.php\/wp-json\/wp\/v2\/categories?post=10111"},{"taxonomy":"post_tag","embeddable":true,"href":"https:\/\/futbolhoy.co\/index.php\/wp-json\/wp\/v2\/tags?post=10111"}],"curies":[{"name":"wp","href":"https:\/\/api.w.org\/{rel}","templated":true}]}}