{"id":102043,"date":"2023-12-13T14:08:43","date_gmt":"2023-12-13T19:08:43","guid":{"rendered":"https:\/\/futbolhoy.co\/?p=102043"},"modified":"2023-12-13T22:43:32","modified_gmt":"2023-12-14T03:43:32","slug":"pekerman-y-gareca-suenan-peru-se-quedo-sin-dt-por-malos-resultados-en-eliminatorias","status":"publish","type":"post","link":"https:\/\/futbolhoy.co\/index.php\/2023\/12\/13\/pekerman-y-gareca-suenan-peru-se-quedo-sin-dt-por-malos-resultados-en-eliminatorias\/","title":{"rendered":"P\u00e9kerman y Gareca suenan: Per\u00fa se qued\u00f3 sin DT por malos resultados en Eliminatorias"},"content":{"rendered":"<p style=\"text-align: justify;\"><span style=\"font-family: helvetica, arial, sans-serif;\"><span style=\"font-weight: 400;\">Este mi\u00e9rcoles se confirm\u00f3 que el peruano Juan Reynoso dej\u00f3 el cargo de t\u00e9cnico de Per\u00fa tras los malos resultados en las primeras 6 fechas de las Eliminatorias para el Mundial de 2026, anunci\u00f3 la <\/span><b>Federaci\u00f3n Peruana de F\u00fatbol (FPF).<\/b><\/span><\/p>\n<p style=\"text-align: justify;\"><span style=\"font-family: helvetica, arial, sans-serif;\"><span style=\"font-weight: 400;\">\u00abHoy nos corresponde informar que <\/span><b>se ha llegado al mejor entendimiento <\/b><span style=\"font-weight: 400;\">para culminar su ciclo como director t\u00e9cnico\u00bb, se\u00f1al\u00f3 la FPF.<\/span><\/span><\/p>\n<p style=\"text-align: justify;\"><span style=\"font-family: helvetica, arial, sans-serif;\"><span style=\"font-weight: 400;\">Reynoso, 53 a\u00f1os, hab\u00eda asumido el cargo en agosto del 2022 y deja a los peruanos en el \u00faltimo puesto de la clasificatoria, <\/span><b>con apenas dos puntos en seis partidos.<\/b><\/span><\/p>\n<p style=\"text-align: justify;\"><span style=\"font-family: helvetica, arial, sans-serif;\"><span style=\"font-weight: 400;\">Seg\u00fan la prensa peruana, el entrenador uruguayo Jorge Fossati, campe\u00f3n del torneo local de 2023 con Universitario,<\/span><b> ser\u00eda el principal candidato para reemplazar a Reynoso.<\/b><\/span><\/p>\n<p style=\"text-align: justify;\"><span style=\"font-family: helvetica, arial, sans-serif;\"><span style=\"font-weight: 400;\">Otro DT que estar\u00eda en la mira de la <\/span><b>FPF es el argentino Ricardo Gareca,<\/b><span style=\"font-weight: 400;\"> quien clasific\u00f3 a Per\u00fa al Mundial de Rusia 2018. El &#8216;tigre&#8217; es muy respetado en Per\u00fa y tiene una gran relaci\u00f3n con los jugadores.<\/span><\/span><\/p>\n<p style=\"text-align: justify;\"><span style=\"font-family: helvetica, arial, sans-serif;\"><span style=\"font-weight: 400;\">Los argentinos <\/span><b>N\u00e9stor P\u00e9kerman y Hern\u00e1n Crespo <\/b><span style=\"font-weight: 400;\">tambi\u00e9n figuran en la lista de posibles candidatos al cargo.<\/span><\/span><\/p>\n<p style=\"text-align: justify;\"><span style=\"font-family: helvetica, arial, sans-serif;\"><span style=\"font-weight: 400;\">Reynoso fue precisamente el reemplazo de Gareca, dirigi\u00f3 14 partidos con un saldo de <\/span><b>4 victorias, 3 empates y 7 derrotas.<\/b><\/span><\/p>\n","protected":false},"excerpt":{"rendered":"<p>Este mi\u00e9rcoles se confirm\u00f3 que el peruano Juan Reynoso dej\u00f3 el cargo de t\u00e9cnico de Per\u00fa tras los malos resultados en las primeras 6 fechas de las Eliminatorias para el Mundial de 2026, anunci\u00f3 la Federaci\u00f3n Peruana de F\u00fatbol (FPF). \u00abHoy nos corresponde informar que se ha llegado al mejor entendimiento para culminar su ciclo [&hellip;]<\/p>\n","protected":false},"author":4,"featured_media":102044,"comment_status":"open","ping_status":"closed","sticky":false,"template":"","format":"standard","meta":{"_acf_changed":false,"footnotes":""},"categories":[152],"tags":[],"class_list":{"0":"post-102043","1":"post","2":"type-post","3":"status-publish","4":"format-standard","5":"has-post-thumbnail","7":"category-mundo-futbol"},"acf":[],"_links":{"self":[{"href":"https:\/\/futbolhoy.co\/index.php\/wp-json\/wp\/v2\/posts\/102043","targetHints":{"allow":["GET"]}}],"collection":[{"href":"https:\/\/futbolhoy.co\/index.php\/wp-json\/wp\/v2\/posts"}],"about":[{"href":"https:\/\/futbolhoy.co\/index.php\/wp-json\/wp\/v2\/types\/post"}],"author":[{"embeddable":true,"href":"https:\/\/futbolhoy.co\/index.php\/wp-json\/wp\/v2\/users\/4"}],"replies":[{"embeddable":true,"href":"https:\/\/futbolhoy.co\/index.php\/wp-json\/wp\/v2\/comments?post=102043"}],"version-history":[{"count":1,"href":"https:\/\/futbolhoy.co\/index.php\/wp-json\/wp\/v2\/posts\/102043\/revisions"}],"predecessor-version":[{"id":102045,"href":"https:\/\/futbolhoy.co\/index.php\/wp-json\/wp\/v2\/posts\/102043\/revisions\/102045"}],"wp:featuredmedia":[{"embeddable":true,"href":"https:\/\/futbolhoy.co\/index.php\/wp-json\/wp\/v2\/media\/102044"}],"wp:attachment":[{"href":"https:\/\/futbolhoy.co\/index.php\/wp-json\/wp\/v2\/media?parent=102043"}],"wp:term":[{"taxonomy":"category","embeddable":true,"href":"https:\/\/futbolhoy.co\/index.php\/wp-json\/wp\/v2\/categories?post=102043"},{"taxonomy":"post_tag","embeddable":true,"href":"https:\/\/futbolhoy.co\/index.php\/wp-json\/wp\/v2\/tags?post=102043"}],"curies":[{"name":"wp","href":"https:\/\/api.w.org\/{rel}","templated":true}]}}