{"id":102046,"date":"2023-12-13T15:59:56","date_gmt":"2023-12-13T20:59:56","guid":{"rendered":"https:\/\/futbolhoy.co\/?p=102046"},"modified":"2023-12-13T23:18:14","modified_gmt":"2023-12-14T04:18:14","slug":"pablo-sabbag-defendera-a-la-seleccion-de-siria","status":"publish","type":"post","link":"https:\/\/futbolhoy.co\/index.php\/2023\/12\/13\/pablo-sabbag-defendera-a-la-seleccion-de-siria\/","title":{"rendered":"Pablo Sabbag defender\u00e1 a la Selecci\u00f3n de Siria"},"content":{"rendered":"<p style=\"text-align: justify;\"><span style=\"font-family: helvetica, arial, sans-serif;\">El delantero colombiano <strong>Pablo Sabbag,<\/strong> actualmente en <strong>Alianza Lima<\/strong> de <strong>Per\u00fa,<\/strong> anunci\u00f3 en su red social de <strong>Instagram<\/strong> que defender\u00e1 a la <strong>Selecci\u00f3n<\/strong> de <strong>Siria,<\/strong> de donde tiene or\u00edgenes por sus ancestros.<\/span><\/p>\n<p style=\"text-align: justify;\"><span style=\"font-family: helvetica, arial, sans-serif;\">\u00abQueridos fans de Siria. Es un placer anunciarles que estoy listo para representar la Selecci\u00f3n Nacional de Siria, empezando con la<strong> Copa de Asia,<\/strong> en la que espero tengamos grandes resultados\u201d, inici\u00f3 diciendo el barranquillero.<\/span><\/p>\n<p style=\"text-align: justify;\"><span style=\"font-family: helvetica, arial, sans-serif;\">\u201cEstoy muy feliz con esto, porque Siria es el pa\u00eds de mis ancestros y me siento honrado de representar a Siria. Quiero agradecer a la Asociaci\u00f3n de Siria, en especial al se\u00f1or<strong> Abdul Raham Al.Khatib y<\/strong> al se\u00f1or<strong> Firas Mualla<\/strong> por todo el esfuerzo en los \u00faltimos d\u00edas para hacer esto posible. Nos vemos en <strong>Catar\u201d,<\/strong> fue el mensaje del futbolista.<\/span><\/p>\n<p style=\"text-align: justify;\"><span style=\"font-family: helvetica, arial, sans-serif;\">Sabbag, de 26 a\u00f1os, iniciar\u00e1 a representar a Siria en la Copa Asia, en la que se enfrentar\u00e1 a <strong>Uzbekist\u00e1n, India y Australia<\/strong> en Catar.<\/span><\/p>\n<p style=\"text-align: justify;\"><strong><span style=\"font-family: helvetica, arial, sans-serif;\">Algunos jugadores colombianos representando otras selecciones<\/span><\/strong><\/p>\n<p style=\"text-align: justify;\"><span style=\"font-family: helvetica, arial, sans-serif;\">&#8211; Juli\u00e1n Qui\u00f1ones (M\u00e9xico)<\/span><br \/>\n<span style=\"font-family: helvetica, arial, sans-serif;\">-Johan Vonlanthen (Suiza)<\/span><br \/>\n<span style=\"font-family: helvetica, arial, sans-serif;\">-Jesus Ferreira (Estados Unidos)<\/span><br \/>\n<span style=\"font-family: helvetica, arial, sans-serif;\">-Carlos Llamosa (Estados Unidos)<\/span><br \/>\n<span style=\"font-family: helvetica, arial, sans-serif;\">-Carlos Bejarano (Guinea Ecuatorial)<\/span><br \/>\n<span style=\"font-family: helvetica, arial, sans-serif;\">-Alejandro Bedoya (Estados Unidos)<\/span><\/p>\n","protected":false},"excerpt":{"rendered":"<p>El delantero colombiano Pablo Sabbag, actualmente en Alianza Lima de Per\u00fa, anunci\u00f3 en su red social de Instagram que defender\u00e1 a la Selecci\u00f3n de Siria, de donde tiene or\u00edgenes por sus ancestros. \u00abQueridos fans de Siria. Es un placer anunciarles que estoy listo para representar la Selecci\u00f3n Nacional de Siria, empezando con la Copa de [&hellip;]<\/p>\n","protected":false},"author":4,"featured_media":102047,"comment_status":"open","ping_status":"closed","sticky":false,"template":"","format":"standard","meta":{"_acf_changed":false,"footnotes":""},"categories":[152],"tags":[],"class_list":{"0":"post-102046","1":"post","2":"type-post","3":"status-publish","4":"format-standard","5":"has-post-thumbnail","7":"category-mundo-futbol"},"acf":[],"_links":{"self":[{"href":"https:\/\/futbolhoy.co\/index.php\/wp-json\/wp\/v2\/posts\/102046","targetHints":{"allow":["GET"]}}],"collection":[{"href":"https:\/\/futbolhoy.co\/index.php\/wp-json\/wp\/v2\/posts"}],"about":[{"href":"https:\/\/futbolhoy.co\/index.php\/wp-json\/wp\/v2\/types\/post"}],"author":[{"embeddable":true,"href":"https:\/\/futbolhoy.co\/index.php\/wp-json\/wp\/v2\/users\/4"}],"replies":[{"embeddable":true,"href":"https:\/\/futbolhoy.co\/index.php\/wp-json\/wp\/v2\/comments?post=102046"}],"version-history":[{"count":1,"href":"https:\/\/futbolhoy.co\/index.php\/wp-json\/wp\/v2\/posts\/102046\/revisions"}],"predecessor-version":[{"id":102048,"href":"https:\/\/futbolhoy.co\/index.php\/wp-json\/wp\/v2\/posts\/102046\/revisions\/102048"}],"wp:featuredmedia":[{"embeddable":true,"href":"https:\/\/futbolhoy.co\/index.php\/wp-json\/wp\/v2\/media\/102047"}],"wp:attachment":[{"href":"https:\/\/futbolhoy.co\/index.php\/wp-json\/wp\/v2\/media?parent=102046"}],"wp:term":[{"taxonomy":"category","embeddable":true,"href":"https:\/\/futbolhoy.co\/index.php\/wp-json\/wp\/v2\/categories?post=102046"},{"taxonomy":"post_tag","embeddable":true,"href":"https:\/\/futbolhoy.co\/index.php\/wp-json\/wp\/v2\/tags?post=102046"}],"curies":[{"name":"wp","href":"https:\/\/api.w.org\/{rel}","templated":true}]}}