{"id":102106,"date":"2023-12-14T18:11:33","date_gmt":"2023-12-14T23:11:33","guid":{"rendered":"https:\/\/futbolhoy.co\/?p=102106"},"modified":"2023-12-16T10:21:27","modified_gmt":"2023-12-16T15:21:27","slug":"muriel-entra-en-racha-doblete-en-triunfo-del-atalanta-por-europa-league","status":"publish","type":"post","link":"https:\/\/futbolhoy.co\/index.php\/2023\/12\/14\/muriel-entra-en-racha-doblete-en-triunfo-del-atalanta-por-europa-league\/","title":{"rendered":"Muriel entra en racha: doblete en triunfo del Atalanta por Europa League"},"content":{"rendered":"<p style=\"text-align: justify;\"><span style=\"font-family: helvetica, arial, sans-serif;\"><strong>Luis Muriel<\/strong> regres\u00f3 al gol con todas las de la ley. Tras su anotaci\u00f3n ante <strong>Mil\u00e1n<\/strong> por la<strong> Serie A,<\/strong> el delantero colombiano marc\u00f3 doblete este jueves en el triunfo del <strong>Atalanta<\/strong> 0-4 ante <strong>Rakow<\/strong> en la sexta fecha de la fase de grupos de la <strong>Europa League.<\/strong><\/span><\/p>\n<p style=\"text-align: justify;\"><span style=\"font-family: helvetica, arial, sans-serif;\">El oriundo de <strong>Santo Tom\u00e1s<\/strong> abri\u00f3 el marcador a los 14 minutos con un pase de <strong>Miranchuk.<\/strong> Sobre los 72&#8242; puso el 0-3 en una jugada individual. <strong>Bonfanti<\/strong> y <strong>Deketelaere<\/strong> marcaron el tercero y cuarto gol respectivamente.<\/span><\/p>\n<p style=\"text-align: justify;\"><span style=\"font-family: helvetica, arial, sans-serif;\">Muriel ya hab\u00eda convertido doblete en la presente edici\u00f3n de la Europa League, luego de marcarme al Sturm Graz de Austria por la jornada 3 del grupo D.<\/span><\/p>\n<p style=\"text-align: justify;\"><strong><span style=\"font-family: helvetica, arial, sans-serif;\">\u00bfC\u00f3mo les fue a los otros colombianos?<\/span><\/strong><\/p>\n<p style=\"text-align: justify;\"><span style=\"font-family: helvetica, arial, sans-serif;\"><strong>Luis D\u00edaz<\/strong> permaneci\u00f3 en el banco de suplentes en la derrota del <strong>Liverpool<\/strong> ante <strong>Uni\u00f3n St. Gilloise<\/strong> 2-1. El equipo ingl\u00e9s ya estaba clasificado a octavos de final y <strong>Klopp<\/strong> puso n\u00f3mina alterna.<\/span><\/p>\n<p style=\"text-align: justify;\"><span style=\"font-family: helvetica, arial, sans-serif;\"><strong>Gustavo Puerta<\/strong> sum\u00f3 su segunda titularidad con el <strong>Bayer Leverkusen.<\/strong> El volante disput\u00f3 todo el partido en la victoria frente al <strong>Molde<\/strong> 5-1.<\/span><\/p>\n<p style=\"text-align: justify;\"><span style=\"font-family: helvetica, arial, sans-serif;\">Finalmente, los colombianos <strong>Cristian Tovar<\/strong> y <strong>Alejandro Artunduaga,<\/strong> del <strong>Sheriff,<\/strong> jugaron todo el compromiso en la derrota del cuadro moldavo ante la <strong>Roma<\/strong> (3-0).<\/span><\/p>\n","protected":false},"excerpt":{"rendered":"<p>Luis Muriel regres\u00f3 al gol con todas las de la ley. Tras su anotaci\u00f3n ante Mil\u00e1n por la Serie A, el delantero colombiano marc\u00f3 doblete este jueves en el triunfo del Atalanta 0-4 ante Rakow en la sexta fecha de la fase de grupos de la Europa League. El oriundo de Santo Tom\u00e1s abri\u00f3 el [&hellip;]<\/p>\n","protected":false},"author":4,"featured_media":102107,"comment_status":"open","ping_status":"closed","sticky":false,"template":"","format":"standard","meta":{"_acf_changed":false,"footnotes":""},"categories":[418],"tags":[],"class_list":{"0":"post-102106","1":"post","2":"type-post","3":"status-publish","4":"format-standard","5":"has-post-thumbnail","7":"category-colombia"},"acf":[],"_links":{"self":[{"href":"https:\/\/futbolhoy.co\/index.php\/wp-json\/wp\/v2\/posts\/102106","targetHints":{"allow":["GET"]}}],"collection":[{"href":"https:\/\/futbolhoy.co\/index.php\/wp-json\/wp\/v2\/posts"}],"about":[{"href":"https:\/\/futbolhoy.co\/index.php\/wp-json\/wp\/v2\/types\/post"}],"author":[{"embeddable":true,"href":"https:\/\/futbolhoy.co\/index.php\/wp-json\/wp\/v2\/users\/4"}],"replies":[{"embeddable":true,"href":"https:\/\/futbolhoy.co\/index.php\/wp-json\/wp\/v2\/comments?post=102106"}],"version-history":[{"count":1,"href":"https:\/\/futbolhoy.co\/index.php\/wp-json\/wp\/v2\/posts\/102106\/revisions"}],"predecessor-version":[{"id":102108,"href":"https:\/\/futbolhoy.co\/index.php\/wp-json\/wp\/v2\/posts\/102106\/revisions\/102108"}],"wp:featuredmedia":[{"embeddable":true,"href":"https:\/\/futbolhoy.co\/index.php\/wp-json\/wp\/v2\/media\/102107"}],"wp:attachment":[{"href":"https:\/\/futbolhoy.co\/index.php\/wp-json\/wp\/v2\/media?parent=102106"}],"wp:term":[{"taxonomy":"category","embeddable":true,"href":"https:\/\/futbolhoy.co\/index.php\/wp-json\/wp\/v2\/categories?post=102106"},{"taxonomy":"post_tag","embeddable":true,"href":"https:\/\/futbolhoy.co\/index.php\/wp-json\/wp\/v2\/tags?post=102106"}],"curies":[{"name":"wp","href":"https:\/\/api.w.org\/{rel}","templated":true}]}}