{"id":102184,"date":"2023-12-17T18:58:10","date_gmt":"2023-12-17T23:58:10","guid":{"rendered":"https:\/\/futbolhoy.co\/?p=102184"},"modified":"2023-12-18T13:15:06","modified_gmt":"2023-12-18T18:15:06","slug":"real-madrid-pierde-a-alaba-por-lo-que-resta-de-temporada","status":"publish","type":"post","link":"https:\/\/futbolhoy.co\/index.php\/2023\/12\/17\/real-madrid-pierde-a-alaba-por-lo-que-resta-de-temporada\/","title":{"rendered":"Real Madrid pierde a Alaba por lo que resta de temporada"},"content":{"rendered":"<p style=\"text-align: justify;\"><span style=\"font-family: helvetica, arial, sans-serif;\"><span style=\"font-weight: 400;\">El defensa del Real Madrid<\/span><b> David Alaba se perder\u00e1 lo que resta de temporada <\/b><span style=\"font-weight: 400;\">con el equipo blanco, luego de confirmarse que sufri\u00f3 una<\/span><b> rotura de ligamento cruzado anterior de la rodilla izquierda.\u00a0<\/b><\/span><\/p>\n<p style=\"text-align: justify;\"><span style=\"font-family: helvetica, arial, sans-serif;\"><span style=\"font-weight: 400;\">\u00abTras las pruebas realizadas a nuestro jugador David Alaba se le ha diagnosticado una rotura del ligamento cruzado anterior de la rodilla izquierda. El jugador ser\u00e1 intervenido quir\u00fargicamente en los pr\u00f3ximos d\u00edas\u00bb, <\/span><b>se\u00f1ala el parte m\u00e9dico publicado por el Real Madri<\/b><span style=\"font-weight: 400;\">d.<\/span><\/span><\/p>\n<p style=\"text-align: justify;\"><span style=\"font-family: helvetica, arial, sans-serif;\"><span style=\"font-weight: 400;\">El austriaco sali\u00f3 lesionado al minuto 33 del partido entre el <\/span><b>Real Madrid y el Villarreal por LaLiga, <\/b><span style=\"font-weight: 400;\">en un mal movimiento cuando disputaba la pelota con el delantero Gerard Moreno.\u00a0<\/span><\/span><\/p>\n<p style=\"text-align: justify;\"><span style=\"font-family: helvetica, arial, sans-serif;\"><span style=\"font-weight: 400;\">Alaba tuvo que abandonar <\/span><b>la cancha minutos despu\u00e9s de la lesi\u00f3n con evidentes <\/b><span style=\"font-weight: 400;\">muestras de dolor, adem\u00e1s sin poder apoyar el pie y ayudado por el cuerpo m\u00e9dico del Real Madrid.<\/span><\/span><\/p>\n<p style=\"text-align: justify;\"><span style=\"font-family: helvetica, arial, sans-serif;\"><span style=\"font-weight: 400;\">Se trata de otra baja sensible y de mucho tiempo de recuperaci\u00f3n que sufre el Real Madrid en esta temporada, tras lo sucedido con el portero belga <\/span><b>Thibaut Courtois y el central brasile\u00f1o Eder Militao<\/b><span style=\"font-weight: 400;\">, quienes se rompieron el cruzado. Ambos llevan cuatro meses de recuperaci\u00f3n y la idea del equipo blanco es que regresen a competir antes de que acabe esta campa\u00f1a.<\/span><\/span><\/p>\n<p style=\"text-align: justify;\"><span style=\"font-family: helvetica, arial, sans-serif;\"><span style=\"font-weight: 400;\">El t\u00e9cnico Carlo Ancelotti confirm\u00f3 que la primera opci\u00f3n para reforzar la defensa en caso de ser necesario ser\u00e1 con el regreso del franc\u00e9s Aur\u00e9lien Tchouam\u00e9ni, que ante el Villarreal regres\u00f3 a los terrenos de juego<\/span><b> tras dejar atr\u00e1s una fractura de un dedo del pie.<\/b><\/span><\/p>\n<p style=\"text-align: justify;\"><span style=\"font-family: helvetica, arial, sans-serif;\"><b>\u00abEn emergencia, como este momento, <\/b><span style=\"font-weight: 400;\">puede jugar ah\u00ed\u00bb, dijo el t\u00e9cnico italiano sobre el centrocampista.<\/span><\/span><\/p>\n","protected":false},"excerpt":{"rendered":"<p>El defensa del Real Madrid David Alaba se perder\u00e1 lo que resta de temporada con el equipo blanco, luego de confirmarse que sufri\u00f3 una rotura de ligamento cruzado anterior de la rodilla izquierda.\u00a0 \u00abTras las pruebas realizadas a nuestro jugador David Alaba se le ha diagnosticado una rotura del ligamento cruzado anterior de la rodilla [&hellip;]<\/p>\n","protected":false},"author":4,"featured_media":102185,"comment_status":"open","ping_status":"closed","sticky":false,"template":"","format":"standard","meta":{"_acf_changed":false,"footnotes":""},"categories":[152],"tags":[],"class_list":{"0":"post-102184","1":"post","2":"type-post","3":"status-publish","4":"format-standard","5":"has-post-thumbnail","7":"category-mundo-futbol"},"acf":[],"_links":{"self":[{"href":"https:\/\/futbolhoy.co\/index.php\/wp-json\/wp\/v2\/posts\/102184","targetHints":{"allow":["GET"]}}],"collection":[{"href":"https:\/\/futbolhoy.co\/index.php\/wp-json\/wp\/v2\/posts"}],"about":[{"href":"https:\/\/futbolhoy.co\/index.php\/wp-json\/wp\/v2\/types\/post"}],"author":[{"embeddable":true,"href":"https:\/\/futbolhoy.co\/index.php\/wp-json\/wp\/v2\/users\/4"}],"replies":[{"embeddable":true,"href":"https:\/\/futbolhoy.co\/index.php\/wp-json\/wp\/v2\/comments?post=102184"}],"version-history":[{"count":1,"href":"https:\/\/futbolhoy.co\/index.php\/wp-json\/wp\/v2\/posts\/102184\/revisions"}],"predecessor-version":[{"id":102186,"href":"https:\/\/futbolhoy.co\/index.php\/wp-json\/wp\/v2\/posts\/102184\/revisions\/102186"}],"wp:featuredmedia":[{"embeddable":true,"href":"https:\/\/futbolhoy.co\/index.php\/wp-json\/wp\/v2\/media\/102185"}],"wp:attachment":[{"href":"https:\/\/futbolhoy.co\/index.php\/wp-json\/wp\/v2\/media?parent=102184"}],"wp:term":[{"taxonomy":"category","embeddable":true,"href":"https:\/\/futbolhoy.co\/index.php\/wp-json\/wp\/v2\/categories?post=102184"},{"taxonomy":"post_tag","embeddable":true,"href":"https:\/\/futbolhoy.co\/index.php\/wp-json\/wp\/v2\/tags?post=102184"}],"curies":[{"name":"wp","href":"https:\/\/api.w.org\/{rel}","templated":true}]}}