{"id":102187,"date":"2023-12-17T19:10:22","date_gmt":"2023-12-18T00:10:22","guid":{"rendered":"https:\/\/futbolhoy.co\/?p=102187"},"modified":"2023-12-18T15:49:14","modified_gmt":"2023-12-18T20:49:14","slug":"se-mueve-el-mercado-deportivo-cali-confirmo-el-fichaje-de-un-delantero-argentino","status":"publish","type":"post","link":"https:\/\/futbolhoy.co\/index.php\/2023\/12\/17\/se-mueve-el-mercado-deportivo-cali-confirmo-el-fichaje-de-un-delantero-argentino\/","title":{"rendered":"Se mueve el mercado: Deportivo Cali confirm\u00f3 el fichaje de un delantero argentino"},"content":{"rendered":"<p style=\"text-align: justify;\"><span style=\"font-family: helvetica, arial, sans-serif;\"><b>Deportivo Cali no pierde tiempo <\/b><span style=\"font-weight: 400;\">y ya est\u00e1 moviendo caras en el mercado de fichajes del f\u00fatbol colombiano. Pensando en no caer en el descenso, para el pr\u00f3ximo a\u00f1o el cuadro azucarero confirm\u00f3 la llegada de un delantero argentino<\/span><b> tras la salida del paraguayo Gustavo Ram\u00edrez.<\/b><\/span><\/p>\n<p style=\"text-align: justify;\"><span style=\"font-family: helvetica, arial, sans-serif;\"><span style=\"font-weight: 400;\">\u201cLautaro Villegas es nuevo refuerzo de Deportivo Cali para la temporada 2024. El delantero de 26 a\u00f1os<\/span><b> llega procedente del Club Atl\u00e9tico Talleres de Argentina.<\/b><span style=\"font-weight: 400;\"> \u00a1Bienvenido!\u201d, anunci\u00f3 el equipo del Valle en redes sociales.<\/span><\/span><\/p>\n<p style=\"text-align: justify;\"><span style=\"font-family: helvetica, arial, sans-serif;\"><span style=\"font-weight: 400;\">Este ser\u00e1 el debut del delantero argentino en la Primera Categor\u00eda y su primera experiencia internacional, tras su paso por Villa Mitre de Bah\u00eda Blanca, Cipolletti, Real Pilar, Rivadavia de Lincoln <\/span><b>y Central C\u00f3rdoba Rosario, todos equipos argentinos.<\/b><\/span><\/p>\n<p style=\"text-align: justify;\"><span style=\"font-family: helvetica, arial, sans-serif;\"><span style=\"font-weight: 400;\">Con la salida de 10 jugadores, Cali ha confirmado la llegada de cuatro refuerzos: el lateral Jonathan Marulanda, el volante Javier Reina, Alex Mej\u00eda, tambi\u00e9n volante, y <\/span><b>Lautaro Villegas en la delantera.<\/b> <\/span><\/p>\n","protected":false},"excerpt":{"rendered":"<p>Deportivo Cali no pierde tiempo y ya est\u00e1 moviendo caras en el mercado de fichajes del f\u00fatbol colombiano. Pensando en no caer en el descenso, para el pr\u00f3ximo a\u00f1o el cuadro azucarero confirm\u00f3 la llegada de un delantero argentino tras la salida del paraguayo Gustavo Ram\u00edrez. \u201cLautaro Villegas es nuevo refuerzo de Deportivo Cali para [&hellip;]<\/p>\n","protected":false},"author":4,"featured_media":102188,"comment_status":"open","ping_status":"closed","sticky":false,"template":"","format":"standard","meta":{"_acf_changed":false,"footnotes":""},"categories":[7],"tags":[],"class_list":{"0":"post-102187","1":"post","2":"type-post","3":"status-publish","4":"format-standard","5":"has-post-thumbnail","7":"category-liga-betplay"},"acf":[],"_links":{"self":[{"href":"https:\/\/futbolhoy.co\/index.php\/wp-json\/wp\/v2\/posts\/102187","targetHints":{"allow":["GET"]}}],"collection":[{"href":"https:\/\/futbolhoy.co\/index.php\/wp-json\/wp\/v2\/posts"}],"about":[{"href":"https:\/\/futbolhoy.co\/index.php\/wp-json\/wp\/v2\/types\/post"}],"author":[{"embeddable":true,"href":"https:\/\/futbolhoy.co\/index.php\/wp-json\/wp\/v2\/users\/4"}],"replies":[{"embeddable":true,"href":"https:\/\/futbolhoy.co\/index.php\/wp-json\/wp\/v2\/comments?post=102187"}],"version-history":[{"count":1,"href":"https:\/\/futbolhoy.co\/index.php\/wp-json\/wp\/v2\/posts\/102187\/revisions"}],"predecessor-version":[{"id":102189,"href":"https:\/\/futbolhoy.co\/index.php\/wp-json\/wp\/v2\/posts\/102187\/revisions\/102189"}],"wp:featuredmedia":[{"embeddable":true,"href":"https:\/\/futbolhoy.co\/index.php\/wp-json\/wp\/v2\/media\/102188"}],"wp:attachment":[{"href":"https:\/\/futbolhoy.co\/index.php\/wp-json\/wp\/v2\/media?parent=102187"}],"wp:term":[{"taxonomy":"category","embeddable":true,"href":"https:\/\/futbolhoy.co\/index.php\/wp-json\/wp\/v2\/categories?post=102187"},{"taxonomy":"post_tag","embeddable":true,"href":"https:\/\/futbolhoy.co\/index.php\/wp-json\/wp\/v2\/tags?post=102187"}],"curies":[{"name":"wp","href":"https:\/\/api.w.org\/{rel}","templated":true}]}}