{"id":102197,"date":"2023-12-18T05:05:00","date_gmt":"2023-12-18T10:05:00","guid":{"rendered":"https:\/\/futbolhoy.co\/?p=102197"},"modified":"2023-12-18T19:04:04","modified_gmt":"2023-12-19T00:04:04","slug":"juan-roman-riquelme-nuevo-presidente-de-boca-juniors","status":"publish","type":"post","link":"https:\/\/futbolhoy.co\/index.php\/2023\/12\/18\/juan-roman-riquelme-nuevo-presidente-de-boca-juniors\/","title":{"rendered":"Juan Rom\u00e1n Riquelme, nuevo presidente de Boca Juniors"},"content":{"rendered":"<p style=\"text-align: justify;\"><span style=\"font-family: helvetica, arial, sans-serif;\"><strong>Juan Rom\u00e1n Riquelme<\/strong> se proclam\u00f3 presidente de <strong>Boca Juniors<\/strong> tras sellar el triunfo sobre<strong> Andr\u00e9s Ibarra y Mauricio Macri,<\/strong> de la oposici\u00f3n.<\/span><\/p>\n<p style=\"text-align: justify;\"><span style=\"font-family: helvetica, arial, sans-serif;\">Con una diferencia de 30 puntos en el recuento parcial del escrutinio, la f\u00f3rmula oficialista que llevaba a Juan Rom\u00e1n Riquelme, m\u00e1ximo \u00eddolo \u2018xeneize\u2019 al frente y a <strong>Jorge Amor Ameal,<\/strong> vigente presidente como vice, se impuso en unas elecciones que tuvieron a 43.367 socios votantes.<\/span><\/p>\n<p style=\"text-align: justify;\"><span style=\"font-family: helvetica, arial, sans-serif;\">De esta manera, esta elecci\u00f3n en <strong>Argentina<\/strong> se transform\u00f3 en la segunda mayor en cantidad de votantes detr\u00e1s de los 57.088 socios del <strong>Barcelona<\/strong> espa\u00f1ol que en 2010 consagraron a <strong>Sandro Rosell<\/strong> como m\u00e1xima autoridad, y super\u00f3 a la del <strong>Benfica<\/strong> que registr\u00f3 38.102 votantes en 2020.<\/span><\/p>\n<p style=\"text-align: justify;\"><span style=\"font-family: helvetica, arial, sans-serif;\">Para 2024, Boca Juniors, que tiene ahora como candidato a ser su entrenador a <strong>Diego Mart\u00ednez,<\/strong> no participar\u00e1 en la <strong>Copa Libertadores<\/strong> y su competencia internacional ser\u00e1 en la <strong>Sudamericana,<\/strong> adem\u00e1s de los locales.<\/span><\/p>\n","protected":false},"excerpt":{"rendered":"<p>Juan Rom\u00e1n Riquelme se proclam\u00f3 presidente de Boca Juniors tras sellar el triunfo sobre Andr\u00e9s Ibarra y Mauricio Macri, de la oposici\u00f3n. Con una diferencia de 30 puntos en el recuento parcial del escrutinio, la f\u00f3rmula oficialista que llevaba a Juan Rom\u00e1n Riquelme, m\u00e1ximo \u00eddolo \u2018xeneize\u2019 al frente y a Jorge Amor Ameal, vigente presidente [&hellip;]<\/p>\n","protected":false},"author":4,"featured_media":102198,"comment_status":"open","ping_status":"closed","sticky":false,"template":"","format":"standard","meta":{"_acf_changed":false,"footnotes":""},"categories":[152],"tags":[],"class_list":{"0":"post-102197","1":"post","2":"type-post","3":"status-publish","4":"format-standard","5":"has-post-thumbnail","7":"category-mundo-futbol"},"acf":[],"_links":{"self":[{"href":"https:\/\/futbolhoy.co\/index.php\/wp-json\/wp\/v2\/posts\/102197","targetHints":{"allow":["GET"]}}],"collection":[{"href":"https:\/\/futbolhoy.co\/index.php\/wp-json\/wp\/v2\/posts"}],"about":[{"href":"https:\/\/futbolhoy.co\/index.php\/wp-json\/wp\/v2\/types\/post"}],"author":[{"embeddable":true,"href":"https:\/\/futbolhoy.co\/index.php\/wp-json\/wp\/v2\/users\/4"}],"replies":[{"embeddable":true,"href":"https:\/\/futbolhoy.co\/index.php\/wp-json\/wp\/v2\/comments?post=102197"}],"version-history":[{"count":1,"href":"https:\/\/futbolhoy.co\/index.php\/wp-json\/wp\/v2\/posts\/102197\/revisions"}],"predecessor-version":[{"id":102199,"href":"https:\/\/futbolhoy.co\/index.php\/wp-json\/wp\/v2\/posts\/102197\/revisions\/102199"}],"wp:featuredmedia":[{"embeddable":true,"href":"https:\/\/futbolhoy.co\/index.php\/wp-json\/wp\/v2\/media\/102198"}],"wp:attachment":[{"href":"https:\/\/futbolhoy.co\/index.php\/wp-json\/wp\/v2\/media?parent=102197"}],"wp:term":[{"taxonomy":"category","embeddable":true,"href":"https:\/\/futbolhoy.co\/index.php\/wp-json\/wp\/v2\/categories?post=102197"},{"taxonomy":"post_tag","embeddable":true,"href":"https:\/\/futbolhoy.co\/index.php\/wp-json\/wp\/v2\/tags?post=102197"}],"curies":[{"name":"wp","href":"https:\/\/api.w.org\/{rel}","templated":true}]}}