{"id":102206,"date":"2023-12-18T13:19:54","date_gmt":"2023-12-18T18:19:54","guid":{"rendered":"https:\/\/futbolhoy.co\/?p=102206"},"modified":"2023-12-19T11:01:56","modified_gmt":"2023-12-19T16:01:56","slug":"falcao-descarta-por-ahora-jugar-en-colombia-por-razones-de-seguridad","status":"publish","type":"post","link":"https:\/\/futbolhoy.co\/index.php\/2023\/12\/18\/falcao-descarta-por-ahora-jugar-en-colombia-por-razones-de-seguridad\/","title":{"rendered":"Falcao descarta por ahora jugar en Colombia por razones de seguridad"},"content":{"rendered":"<p style=\"text-align: justify;\"><span style=\"font-family: helvetica, arial, sans-serif;\"><strong>Millonarios<\/strong> estuvo estableciendo conversaci\u00f3n con el entorno de <strong>Falcao<\/strong> buscando su fichaje. Sin embargo, cada vez parece m\u00e1s complicado ver jugar a <strong>El Tigre<\/strong> en Colombia, entretanto, por motivos de seguridad.<\/span><\/p>\n<p style=\"text-align: justify;\"><span style=\"font-family: helvetica, arial, sans-serif;\">\u00abYo he analizado cerrar mi carrera deportiva en <strong>Argentina<\/strong> o <strong>Colombia,<\/strong> pero es una decisi\u00f3n no solo deportiva. Lo de Millonarios se habl\u00f3 en su momento, pero por ah\u00ed las condiciones no estaban dadas, hay que ver la situaci\u00f3n del pa\u00eds c\u00f3mo est\u00e1. Al final son temas que uno tiene que sopesar y ponerlos sobre la balanza\u201d, dijo en entrevista con <strong><em>T<\/em><em>elepacifico.<\/em><\/strong><\/span><\/p>\n<p style=\"text-align: justify;\"><span style=\"font-family: helvetica, arial, sans-serif;\">\u00abViendo lo que le pas\u00f3 a <strong>Luis D\u00edaz,<\/strong> son cosas negativas que a uno lo hacen meditar y quiz\u00e1 frenarse. El secuestro del pap\u00e1 de Lucho me golpe\u00f3 porque es una cosa que no lo hab\u00eda visto nunca. Son cosas que nunca deben pasar, pero s\u00ed se ha notado la inseguridad en Colombia y ya teniendo a un compa\u00f1ero cercano y que viva esa situaci\u00f3n, es muy cruel\u201d, agreg\u00f3 al respecto.<\/span><\/p>\n<p style=\"text-align: justify;\"><span style=\"font-family: helvetica, arial, sans-serif;\">El delantero de 37 a\u00f1os, que podr\u00e1 negociar con cualquier club desde enero, debido a que termina contrato con el Rayo Vallecano en junio del 2024, no cerr\u00f3 la puerta por completo, pero manifest\u00f3 que deben darse las cosas. Por ahora, se encuentra en <strong>Espa\u00f1a<\/strong> sumando minutos con el cuadro madrile\u00f1o, en b\u00fasqueda de poder estar con ritmo para la <strong>Copa Am\u00e9rica<\/strong> de <strong>Estados Unidos.<\/strong><\/span><\/p>\n","protected":false},"excerpt":{"rendered":"<p>Millonarios estuvo estableciendo conversaci\u00f3n con el entorno de Falcao buscando su fichaje. Sin embargo, cada vez parece m\u00e1s complicado ver jugar a El Tigre en Colombia, entretanto, por motivos de seguridad. \u00abYo he analizado cerrar mi carrera deportiva en Argentina o Colombia, pero es una decisi\u00f3n no solo deportiva. Lo de Millonarios se habl\u00f3 en [&hellip;]<\/p>\n","protected":false},"author":4,"featured_media":72152,"comment_status":"open","ping_status":"closed","sticky":false,"template":"","format":"standard","meta":{"_acf_changed":false,"footnotes":""},"categories":[418],"tags":[],"class_list":{"0":"post-102206","1":"post","2":"type-post","3":"status-publish","4":"format-standard","5":"has-post-thumbnail","7":"category-colombia"},"acf":[],"_links":{"self":[{"href":"https:\/\/futbolhoy.co\/index.php\/wp-json\/wp\/v2\/posts\/102206","targetHints":{"allow":["GET"]}}],"collection":[{"href":"https:\/\/futbolhoy.co\/index.php\/wp-json\/wp\/v2\/posts"}],"about":[{"href":"https:\/\/futbolhoy.co\/index.php\/wp-json\/wp\/v2\/types\/post"}],"author":[{"embeddable":true,"href":"https:\/\/futbolhoy.co\/index.php\/wp-json\/wp\/v2\/users\/4"}],"replies":[{"embeddable":true,"href":"https:\/\/futbolhoy.co\/index.php\/wp-json\/wp\/v2\/comments?post=102206"}],"version-history":[{"count":1,"href":"https:\/\/futbolhoy.co\/index.php\/wp-json\/wp\/v2\/posts\/102206\/revisions"}],"predecessor-version":[{"id":102207,"href":"https:\/\/futbolhoy.co\/index.php\/wp-json\/wp\/v2\/posts\/102206\/revisions\/102207"}],"wp:featuredmedia":[{"embeddable":true,"href":"https:\/\/futbolhoy.co\/index.php\/wp-json\/wp\/v2\/media\/72152"}],"wp:attachment":[{"href":"https:\/\/futbolhoy.co\/index.php\/wp-json\/wp\/v2\/media?parent=102206"}],"wp:term":[{"taxonomy":"category","embeddable":true,"href":"https:\/\/futbolhoy.co\/index.php\/wp-json\/wp\/v2\/categories?post=102206"},{"taxonomy":"post_tag","embeddable":true,"href":"https:\/\/futbolhoy.co\/index.php\/wp-json\/wp\/v2\/tags?post=102206"}],"curies":[{"name":"wp","href":"https:\/\/api.w.org\/{rel}","templated":true}]}}