{"id":102212,"date":"2023-12-18T16:26:04","date_gmt":"2023-12-18T21:26:04","guid":{"rendered":"https:\/\/futbolhoy.co\/?p=102212"},"modified":"2023-12-19T15:40:00","modified_gmt":"2023-12-19T20:40:00","slug":"adios-a-medellin-andres-ricaurte-ficho-con-emelec","status":"publish","type":"post","link":"https:\/\/futbolhoy.co\/index.php\/2023\/12\/18\/adios-a-medellin-andres-ricaurte-ficho-con-emelec\/","title":{"rendered":"Adi\u00f3s a  Medell\u00edn: Andr\u00e9s Ricaurte fich\u00f3 con Emelec"},"content":{"rendered":"<p style=\"text-align: justify;\"><span style=\"font-family: helvetica, arial, sans-serif;\"><b>Andr\u00e9s Ricaurte<\/b><span style=\"font-weight: 400;\"> se convirti\u00f3 en nuevo jugador de Emelec de Ecuador este lunes, luego de la derrota <\/span><b>en la final de la Liga BetPlay <\/b><span style=\"font-weight: 400;\">frente al Junior. El centrocampista firm\u00f3 tras el pedido expreso del t\u00e9cnico Hern\u00e1n Torres.\u00a0<\/span><\/span><\/p>\n<p style=\"text-align: justify;\"><span style=\"font-family: helvetica, arial, sans-serif;\"><b>\u00abAndr\u00e9s Ricaurte llega al Bombillo <\/b><span style=\"font-weight: 400;\">por un a\u00f1o como jugador libre\u00bb, public\u00f3 el club ecuatoriano en sus redes sociales.<\/span><\/span><\/p>\n<p style=\"text-align: justify;\"><span style=\"font-family: helvetica, arial, sans-serif;\"><span style=\"font-weight: 400;\">Con 32 a\u00f1os, <\/span><b>Ricaurte llega al club ecuatoriano por pedido expreso <\/b><span style=\"font-weight: 400;\">del t\u00e9cnico colombiano Hern\u00e1n Torres, que lleg\u00f3 al equipo en junio pasado y la semana pasada renov\u00f3 el contrato hasta diciembre de 2024.<\/span><\/span><\/p>\n<p style=\"text-align: justify;\"><span style=\"font-family: helvetica, arial, sans-serif;\"><span style=\"font-weight: 400;\">\u00abAgradezco a la vida y al DIM por permitirme ser parte de esta gran instituci\u00f3n. El final ha sido todo lo contrario a lo so\u00f1ado, pero me quedo con el proceso de estos casi cinco a\u00f1os en el club donde no me cabe la <\/span><b>menor duda de que hice todo para ser mejor cada d\u00eda\u00bb<\/b><span style=\"font-weight: 400;\">, dijo Ricaurte al despedirse del Poderoso.<\/span><\/span><\/p>\n<blockquote class=\"twitter-tweet\">\n<p dir=\"ltr\" lang=\"es\">\ud83d\udcf9 Andr\u00e9s y un mensaje para los hinchas Azules \ud83d\udd1d<a href=\"https:\/\/twitter.com\/hashtag\/PorEmelec?src=hash&amp;ref_src=twsrc%5Etfw\">#PorEmelec<\/a> \ud83e\udd1c\ud83c\udffb\ud83e\udd1b\ud83c\udffb\u26a1 <a href=\"https:\/\/t.co\/WxL1blgUa2\">pic.twitter.com\/WxL1blgUa2<\/a><\/p>\n<p>\u2014 Club Sport Emelec (@CSEmelec) <a href=\"https:\/\/twitter.com\/CSEmelec\/status\/1736841654345126339?ref_src=twsrc%5Etfw\">December 18, 2023<\/a><\/p><\/blockquote>\n<p><script async src=\"https:\/\/platform.twitter.com\/widgets.js\" charset=\"utf-8\"><\/script><\/p>\n","protected":false},"excerpt":{"rendered":"<p>Andr\u00e9s Ricaurte se convirti\u00f3 en nuevo jugador de Emelec de Ecuador este lunes, luego de la derrota en la final de la Liga BetPlay frente al Junior. El centrocampista firm\u00f3 tras el pedido expreso del t\u00e9cnico Hern\u00e1n Torres.\u00a0 \u00abAndr\u00e9s Ricaurte llega al Bombillo por un a\u00f1o como jugador libre\u00bb, public\u00f3 el club ecuatoriano en sus [&hellip;]<\/p>\n","protected":false},"author":4,"featured_media":102213,"comment_status":"open","ping_status":"closed","sticky":false,"template":"","format":"standard","meta":{"_acf_changed":false,"footnotes":""},"categories":[7],"tags":[],"class_list":{"0":"post-102212","1":"post","2":"type-post","3":"status-publish","4":"format-standard","5":"has-post-thumbnail","7":"category-liga-betplay"},"acf":[],"_links":{"self":[{"href":"https:\/\/futbolhoy.co\/index.php\/wp-json\/wp\/v2\/posts\/102212","targetHints":{"allow":["GET"]}}],"collection":[{"href":"https:\/\/futbolhoy.co\/index.php\/wp-json\/wp\/v2\/posts"}],"about":[{"href":"https:\/\/futbolhoy.co\/index.php\/wp-json\/wp\/v2\/types\/post"}],"author":[{"embeddable":true,"href":"https:\/\/futbolhoy.co\/index.php\/wp-json\/wp\/v2\/users\/4"}],"replies":[{"embeddable":true,"href":"https:\/\/futbolhoy.co\/index.php\/wp-json\/wp\/v2\/comments?post=102212"}],"version-history":[{"count":1,"href":"https:\/\/futbolhoy.co\/index.php\/wp-json\/wp\/v2\/posts\/102212\/revisions"}],"predecessor-version":[{"id":102214,"href":"https:\/\/futbolhoy.co\/index.php\/wp-json\/wp\/v2\/posts\/102212\/revisions\/102214"}],"wp:featuredmedia":[{"embeddable":true,"href":"https:\/\/futbolhoy.co\/index.php\/wp-json\/wp\/v2\/media\/102213"}],"wp:attachment":[{"href":"https:\/\/futbolhoy.co\/index.php\/wp-json\/wp\/v2\/media?parent=102212"}],"wp:term":[{"taxonomy":"category","embeddable":true,"href":"https:\/\/futbolhoy.co\/index.php\/wp-json\/wp\/v2\/categories?post=102212"},{"taxonomy":"post_tag","embeddable":true,"href":"https:\/\/futbolhoy.co\/index.php\/wp-json\/wp\/v2\/tags?post=102212"}],"curies":[{"name":"wp","href":"https:\/\/api.w.org\/{rel}","templated":true}]}}