{"id":102225,"date":"2023-12-19T07:21:19","date_gmt":"2023-12-19T12:21:19","guid":{"rendered":"https:\/\/futbolhoy.co\/?p=102225"},"modified":"2023-12-19T19:31:19","modified_gmt":"2023-12-20T00:31:19","slug":"deportivo-cali-ratifico-a-jaime-de-la-pava","status":"publish","type":"post","link":"https:\/\/futbolhoy.co\/index.php\/2023\/12\/19\/deportivo-cali-ratifico-a-jaime-de-la-pava\/","title":{"rendered":"Deportivo Cali ratific\u00f3 a Jaime de La Pava"},"content":{"rendered":"<p style=\"text-align: justify;\"><span style=\"font-family: helvetica, arial, sans-serif;\">Luego de mucha incertidumbre sobre qui\u00e9n iba a ser el entrenador del <strong>Deportivo Cali<\/strong> para el 2024, el Comit\u00e9 Ejecutivo decidi\u00f3 darle continuidad al proyecto que viene liderando <strong>Jaime de La Pava<\/strong>. As\u00ed lo inform\u00f3 la instituci\u00f3n mediante un comunicado de prensa.<\/span><\/p>\n<p style=\"text-align: justify;\"><span style=\"font-family: helvetica, arial, sans-serif;\">\u201cEn reuni\u00f3n llevada a cabo por nuestro <strong>Comit\u00e9 Ejecutivo<\/strong> hoy lunes 18 de diciembre, en la que se revisaron temas de car\u00e1cter administrativo y deportivo, se lleg\u00f3 a la siguiente conclusi\u00f3n: El profesor Jaime De la Pava, continuar\u00e1 como director t\u00e9cnico de nuestro equipo profesional masculino para la temporada 2024, dando continuidad al proceso y proyecto deportivo que lidera\u201d, dieron a conocer.<\/span><\/p>\n<p style=\"text-align: justify;\"><span style=\"font-family: helvetica, arial, sans-serif;\">Despu\u00e9s de haber ingresado de manera ag\u00f3nica a los cuadrangulares y conseguir puntos vitales para no entrar en la zona de descenso en el a\u00f1o, no estaba en firme que el t\u00e9cnico barranquillero siguiera al frente del proyecto. El nombre que m\u00e1s se relacion\u00f3 para reemplazarlo fue el de <strong>Santiago \u2018Sachi\u2019 Escobar,<\/strong> pero no hubo acuerdo.<\/span><\/p>\n<p style=\"text-align: justify;\"><span style=\"font-family: helvetica, arial, sans-serif;\">As\u00ed las cosas, De La Pava ser\u00e1 el encargado de continuar con el proceso, en el que uno de los retos del 2024 ser\u00e1 no caer en los puestos de p\u00e9rdida de categor\u00eda, pues iniciar\u00e1n en la casilla 17 con un promedio de 1.06<\/span><\/p>\n<p style=\"text-align: justify;\"><span style=\"font-family: helvetica, arial, sans-serif;\">Cali ya ha confirmado, a manera de refuerzos, los nombres de: <strong>Javier Reina (volante), Jonathan Marulanda (lateral), Alexander Mej\u00eda (volante) y Lautaro Villegas (delantero).<\/strong><\/span><\/p>\n","protected":false},"excerpt":{"rendered":"<p>Luego de mucha incertidumbre sobre qui\u00e9n iba a ser el entrenador del Deportivo Cali para el 2024, el Comit\u00e9 Ejecutivo decidi\u00f3 darle continuidad al proyecto que viene liderando Jaime de La Pava. As\u00ed lo inform\u00f3 la instituci\u00f3n mediante un comunicado de prensa. \u201cEn reuni\u00f3n llevada a cabo por nuestro Comit\u00e9 Ejecutivo hoy lunes 18 de [&hellip;]<\/p>\n","protected":false},"author":4,"featured_media":102228,"comment_status":"open","ping_status":"closed","sticky":false,"template":"","format":"standard","meta":{"_acf_changed":false,"footnotes":""},"categories":[7],"tags":[],"class_list":{"0":"post-102225","1":"post","2":"type-post","3":"status-publish","4":"format-standard","5":"has-post-thumbnail","7":"category-liga-betplay"},"acf":[],"_links":{"self":[{"href":"https:\/\/futbolhoy.co\/index.php\/wp-json\/wp\/v2\/posts\/102225","targetHints":{"allow":["GET"]}}],"collection":[{"href":"https:\/\/futbolhoy.co\/index.php\/wp-json\/wp\/v2\/posts"}],"about":[{"href":"https:\/\/futbolhoy.co\/index.php\/wp-json\/wp\/v2\/types\/post"}],"author":[{"embeddable":true,"href":"https:\/\/futbolhoy.co\/index.php\/wp-json\/wp\/v2\/users\/4"}],"replies":[{"embeddable":true,"href":"https:\/\/futbolhoy.co\/index.php\/wp-json\/wp\/v2\/comments?post=102225"}],"version-history":[{"count":1,"href":"https:\/\/futbolhoy.co\/index.php\/wp-json\/wp\/v2\/posts\/102225\/revisions"}],"predecessor-version":[{"id":102229,"href":"https:\/\/futbolhoy.co\/index.php\/wp-json\/wp\/v2\/posts\/102225\/revisions\/102229"}],"wp:featuredmedia":[{"embeddable":true,"href":"https:\/\/futbolhoy.co\/index.php\/wp-json\/wp\/v2\/media\/102228"}],"wp:attachment":[{"href":"https:\/\/futbolhoy.co\/index.php\/wp-json\/wp\/v2\/media?parent=102225"}],"wp:term":[{"taxonomy":"category","embeddable":true,"href":"https:\/\/futbolhoy.co\/index.php\/wp-json\/wp\/v2\/categories?post=102225"},{"taxonomy":"post_tag","embeddable":true,"href":"https:\/\/futbolhoy.co\/index.php\/wp-json\/wp\/v2\/tags?post=102225"}],"curies":[{"name":"wp","href":"https:\/\/api.w.org\/{rel}","templated":true}]}}