{"id":102235,"date":"2023-12-19T11:21:55","date_gmt":"2023-12-19T16:21:55","guid":{"rendered":"https:\/\/futbolhoy.co\/?p=102235"},"modified":"2023-12-20T07:14:04","modified_gmt":"2023-12-20T12:14:04","slug":"copa-libertadores-rivales-de-nacional-y-aguilas-en-fase-previa","status":"publish","type":"post","link":"https:\/\/futbolhoy.co\/index.php\/2023\/12\/19\/copa-libertadores-rivales-de-nacional-y-aguilas-en-fase-previa\/","title":{"rendered":"Copa Libertadores: rivales de Nacional y \u00c1guilas en fase previa"},"content":{"rendered":"<p style=\"text-align: justify;\"><span style=\"font-family: helvetica, arial, sans-serif;\"><strong>Atl\u00e9tico Nacional,<\/strong> campe\u00f3n de <strong>Copa Colombia,<\/strong> y <strong>\u00c1guilas Doradas,<\/strong> l\u00edder en la tabla de reclasificaci\u00f3n del a\u00f1o, ya conocen sus rivales para disputar la ronda 2 de la <strong>Copa Libertadores.<\/strong> Tendr\u00e1n que superar esta y la tercera fase, si quieren hacer parte de los grupos, que se sortear\u00e1n en marzo.<\/span><\/p>\n<p style=\"text-align: justify;\"><strong><span style=\"font-family: helvetica, arial, sans-serif;\">Atl\u00e9tico Nacional<\/span><\/strong><\/p>\n<p style=\"text-align: justify;\"><span style=\"font-family: helvetica, arial, sans-serif;\">Se medir\u00e1n ante el denominado <strong>E3,<\/strong> que saldr\u00e1 del ganador entre A<strong>ucas de Ecuador y Nacional de Paraguay.<\/strong> El conjunto Verdolaga iniciar\u00e1 de visitante.<\/span><\/p>\n<p style=\"text-align: justify;\"><strong><span style=\"font-family: helvetica, arial, sans-serif;\">\u00c1guilas Doradas<\/span><\/strong><\/p>\n<p style=\"text-align: justify;\"><span style=\"font-family: helvetica, arial, sans-serif;\">Por su parte, los dorados, tendr\u00e1n que vencer a <strong>Red Bull Bragantino de Brasil<\/strong> si quiere llegar a la ronda 3 y quedar m\u00e1s cerca de la fase de grupos. El conjunto de <strong>C\u00e9sar Far\u00edas<\/strong> comenzar\u00e1 de local.<\/span><\/p>\n<p style=\"text-align: justify;\"><span style=\"font-family: helvetica, arial, sans-serif;\">La ida de la Fase II se disputar\u00e1 la semana del 21 de febrero, mientras que la vuelta se jugar\u00eda en la semana del 28 de febrero. Fechas, horarios y algunas sedes est\u00e1n por confirmar.<\/span><\/p>\n","protected":false},"excerpt":{"rendered":"<p>Atl\u00e9tico Nacional, campe\u00f3n de Copa Colombia, y \u00c1guilas Doradas, l\u00edder en la tabla de reclasificaci\u00f3n del a\u00f1o, ya conocen sus rivales para disputar la ronda 2 de la Copa Libertadores. Tendr\u00e1n que superar esta y la tercera fase, si quieren hacer parte de los grupos, que se sortear\u00e1n en marzo. Atl\u00e9tico Nacional Se medir\u00e1n ante [&hellip;]<\/p>\n","protected":false},"author":4,"featured_media":102236,"comment_status":"open","ping_status":"closed","sticky":false,"template":"","format":"standard","meta":{"_acf_changed":false,"footnotes":""},"categories":[653],"tags":[],"class_list":{"0":"post-102235","1":"post","2":"type-post","3":"status-publish","4":"format-standard","5":"has-post-thumbnail","7":"category-copa-libertadores"},"acf":[],"_links":{"self":[{"href":"https:\/\/futbolhoy.co\/index.php\/wp-json\/wp\/v2\/posts\/102235","targetHints":{"allow":["GET"]}}],"collection":[{"href":"https:\/\/futbolhoy.co\/index.php\/wp-json\/wp\/v2\/posts"}],"about":[{"href":"https:\/\/futbolhoy.co\/index.php\/wp-json\/wp\/v2\/types\/post"}],"author":[{"embeddable":true,"href":"https:\/\/futbolhoy.co\/index.php\/wp-json\/wp\/v2\/users\/4"}],"replies":[{"embeddable":true,"href":"https:\/\/futbolhoy.co\/index.php\/wp-json\/wp\/v2\/comments?post=102235"}],"version-history":[{"count":1,"href":"https:\/\/futbolhoy.co\/index.php\/wp-json\/wp\/v2\/posts\/102235\/revisions"}],"predecessor-version":[{"id":102237,"href":"https:\/\/futbolhoy.co\/index.php\/wp-json\/wp\/v2\/posts\/102235\/revisions\/102237"}],"wp:featuredmedia":[{"embeddable":true,"href":"https:\/\/futbolhoy.co\/index.php\/wp-json\/wp\/v2\/media\/102236"}],"wp:attachment":[{"href":"https:\/\/futbolhoy.co\/index.php\/wp-json\/wp\/v2\/media?parent=102235"}],"wp:term":[{"taxonomy":"category","embeddable":true,"href":"https:\/\/futbolhoy.co\/index.php\/wp-json\/wp\/v2\/categories?post=102235"},{"taxonomy":"post_tag","embeddable":true,"href":"https:\/\/futbolhoy.co\/index.php\/wp-json\/wp\/v2\/tags?post=102235"}],"curies":[{"name":"wp","href":"https:\/\/api.w.org\/{rel}","templated":true}]}}