{"id":102239,"date":"2023-12-19T15:40:02","date_gmt":"2023-12-19T20:40:02","guid":{"rendered":"https:\/\/futbolhoy.co\/?p=102239"},"modified":"2023-12-20T08:10:34","modified_gmt":"2023-12-20T13:10:34","slug":"cuadrado-se-destapa-con-dolorosas-palabras-sobre-su-lesion","status":"publish","type":"post","link":"https:\/\/futbolhoy.co\/index.php\/2023\/12\/19\/cuadrado-se-destapa-con-dolorosas-palabras-sobre-su-lesion\/","title":{"rendered":"Cuadrado se destapa con dolorosas palabras sobre su lesi\u00f3n"},"content":{"rendered":"<p style=\"text-align: justify;\"><span style=\"font-family: helvetica, arial, sans-serif;\"><b>Juan Guillermo Cuadrado tom\u00f3 una de las decisiones m\u00e1s dif\u00edciles <\/b><span style=\"font-weight: 400;\">en su carrera este martes, luego de confirmar que se someter\u00e1 a una cirug\u00eda para recuperarse de su tend\u00f3n que lo ha hecho no estar en su 100% los \u00faltimos meses.\u00a0<\/span><\/span><\/p>\n<p style=\"text-align: justify;\"><span style=\"font-family: helvetica, arial, sans-serif;\"><span style=\"font-weight: 400;\">El pasado <\/span><b>26 de noviembre se pensaba que el jugador del Inter de Mil\u00e1n<\/b><span style=\"font-weight: 400;\"> podr\u00eda volver a jugar sin problema, pero despu\u00e9s se conoci\u00f3 que tuvo una nueva reca\u00edda en su lesi\u00f3n y el mismo Cuadrado confirm\u00f3 en sus redes sociales que, pese a intentarlo todo, tendr\u00e1 que entrar a cirug\u00eda.<\/span><\/span><\/p>\n<p style=\"text-align: justify;\"><span style=\"font-family: helvetica, arial, sans-serif;\"><span style=\"font-weight: 400;\">\u201cHe venido luchando con un dolor en el tend\u00f3n y hecho todo lo que un deportista puede hacer para recuperarse, e incluso me he entrenado y jugado con un dolor que por momentos se hace <\/span><b>insoportable y no me permite dar el 100%\u201d<\/b><span style=\"font-weight: 400;\">, cont\u00f3.<\/span><\/span><\/p>\n<p style=\"text-align: justify;\"><span style=\"font-weight: 400; font-family: helvetica, arial, sans-serif;\">\u201cQuem\u00e9 todas las opciones de tratamiento evitando una cirug\u00eda, pero los m\u00e9dicos me dicen que podr\u00eda ser peor si no tomo esta decisi\u00f3n. Siempre he sido un futbolista que entrega todo, que da siempre lo mejor dentro y fuera de la cancha\u201d, agreg\u00f3.<\/span><\/p>\n<p style=\"text-align: justify;\"><span style=\"font-family: helvetica, arial, sans-serif;\"><span style=\"font-weight: 400;\">A su vez, <\/span><b>el jugador de la Selecci\u00f3n Colombia<\/b><span style=\"font-weight: 400;\"> lament\u00f3 que no ha podido entregar su 100% al Inter desde su llegada tras cerrar su ciclo con la Juventus.<\/span><\/span><\/p>\n<p style=\"text-align: justify;\"><span style=\"font-family: helvetica, arial, sans-serif;\"><span style=\"font-weight: 400;\">\u201cMe entristece mucho en este tiempo que llevo por no haberlo podido hacer para este gran club que me ha dado una grandiosa oportunidad. Pero con FE en Dios, porque \u00e9l hace que todas las cosas <\/span><b>ayuden para bien Romanos 8:28\u2033, afirm\u00f3.<\/b><\/span><\/p>\n","protected":false},"excerpt":{"rendered":"<p>Juan Guillermo Cuadrado tom\u00f3 una de las decisiones m\u00e1s dif\u00edciles en su carrera este martes, luego de confirmar que se someter\u00e1 a una cirug\u00eda para recuperarse de su tend\u00f3n que lo ha hecho no estar en su 100% los \u00faltimos meses.\u00a0 El pasado 26 de noviembre se pensaba que el jugador del Inter de Mil\u00e1n [&hellip;]<\/p>\n","protected":false},"author":4,"featured_media":102018,"comment_status":"open","ping_status":"closed","sticky":false,"template":"","format":"standard","meta":{"_acf_changed":false,"footnotes":""},"categories":[418],"tags":[],"class_list":{"0":"post-102239","1":"post","2":"type-post","3":"status-publish","4":"format-standard","5":"has-post-thumbnail","7":"category-colombia"},"acf":[],"_links":{"self":[{"href":"https:\/\/futbolhoy.co\/index.php\/wp-json\/wp\/v2\/posts\/102239","targetHints":{"allow":["GET"]}}],"collection":[{"href":"https:\/\/futbolhoy.co\/index.php\/wp-json\/wp\/v2\/posts"}],"about":[{"href":"https:\/\/futbolhoy.co\/index.php\/wp-json\/wp\/v2\/types\/post"}],"author":[{"embeddable":true,"href":"https:\/\/futbolhoy.co\/index.php\/wp-json\/wp\/v2\/users\/4"}],"replies":[{"embeddable":true,"href":"https:\/\/futbolhoy.co\/index.php\/wp-json\/wp\/v2\/comments?post=102239"}],"version-history":[{"count":2,"href":"https:\/\/futbolhoy.co\/index.php\/wp-json\/wp\/v2\/posts\/102239\/revisions"}],"predecessor-version":[{"id":102270,"href":"https:\/\/futbolhoy.co\/index.php\/wp-json\/wp\/v2\/posts\/102239\/revisions\/102270"}],"wp:featuredmedia":[{"embeddable":true,"href":"https:\/\/futbolhoy.co\/index.php\/wp-json\/wp\/v2\/media\/102018"}],"wp:attachment":[{"href":"https:\/\/futbolhoy.co\/index.php\/wp-json\/wp\/v2\/media?parent=102239"}],"wp:term":[{"taxonomy":"category","embeddable":true,"href":"https:\/\/futbolhoy.co\/index.php\/wp-json\/wp\/v2\/categories?post=102239"},{"taxonomy":"post_tag","embeddable":true,"href":"https:\/\/futbolhoy.co\/index.php\/wp-json\/wp\/v2\/tags?post=102239"}],"curies":[{"name":"wp","href":"https:\/\/api.w.org\/{rel}","templated":true}]}}