{"id":102241,"date":"2023-12-19T16:43:10","date_gmt":"2023-12-19T21:43:10","guid":{"rendered":"https:\/\/futbolhoy.co\/?p=102241"},"modified":"2023-12-20T08:52:22","modified_gmt":"2023-12-20T13:52:22","slug":"buenas-noticias-linda-caicedo-regreso-a-los-entrenamientos-con-real-madrid","status":"publish","type":"post","link":"https:\/\/futbolhoy.co\/index.php\/2023\/12\/19\/buenas-noticias-linda-caicedo-regreso-a-los-entrenamientos-con-real-madrid\/","title":{"rendered":"Buenas noticias: Linda Caicedo regres\u00f3 a los entrenamientos con Real Madrid"},"content":{"rendered":"<p style=\"text-align: justify;\"><span style=\"font-family: helvetica, arial, sans-serif;\"><span style=\"font-weight: 400;\">Una gran sorpresa se llevaron los hinchas del Real Madrid Femenino y la Selecci\u00f3n Colombia este martes con el regreso a los entrenamientos de Linda Caicedo, luego de la lesi\u00f3n en su tobillo que <\/span><b>sufri\u00f3 el pasado 19 de noviembre en el cl\u00e1sico ante el Barcelona.<\/b><\/span><\/p>\n<p style=\"text-align: justify;\"><span style=\"font-family: helvetica, arial, sans-serif;\"><b>En fotos qued\u00f3 registrada la presencia de la atacante colombiana <\/b><span style=\"font-weight: 400;\">en el entrenamiento del Real Madrid este martes, en la previa del partido de este mi\u00e9rcoles por Champions League.<\/span><\/span><\/p>\n<p style=\"text-align: justify;\"><span style=\"font-family: helvetica, arial, sans-serif;\"><span style=\"font-weight: 400;\">La colombiana cumpli\u00f3 un mes fuera de las canchas y sorpresivamente podr\u00eda hacer parte de la convocatoria <\/span><b>del Real Madrid ante Paris Football Club.<\/b><\/span><\/p>\n<p style=\"text-align: justify;\"><span style=\"font-family: helvetica, arial, sans-serif;\"><span style=\"font-weight: 400;\">\u201cHay alguna jugadora que est\u00e1 trabajando ya y que podr\u00eda incorporarse a la convocatoria\u201d, dijo el <\/span><b>t\u00e9cnico del cuadro merengue en rueda de prensa.<\/b><\/span><\/p>\n<blockquote class=\"twitter-tweet\">\n<p dir=\"ltr\" lang=\"qme\">\ud83d\udcaa\ud83d\udcaa<a href=\"https:\/\/twitter.com\/hashtag\/RMCity?src=hash&amp;ref_src=twsrc%5Etfw\">#RMCity<\/a> <a href=\"https:\/\/t.co\/rYLZo4QGvG\">pic.twitter.com\/rYLZo4QGvG<\/a><\/p>\n<p>\u2014 Real Madrid C.F. (@realmadridfem) <a href=\"https:\/\/twitter.com\/realmadridfem\/status\/1737118088318058773?ref_src=twsrc%5Etfw\">December 19, 2023<\/a><\/p><\/blockquote>\n<p><script async src=\"https:\/\/platform.twitter.com\/widgets.js\" charset=\"utf-8\"><\/script><\/p>\n","protected":false},"excerpt":{"rendered":"<p>Una gran sorpresa se llevaron los hinchas del Real Madrid Femenino y la Selecci\u00f3n Colombia este martes con el regreso a los entrenamientos de Linda Caicedo, luego de la lesi\u00f3n en su tobillo que sufri\u00f3 el pasado 19 de noviembre en el cl\u00e1sico ante el Barcelona. En fotos qued\u00f3 registrada la presencia de la atacante [&hellip;]<\/p>\n","protected":false},"author":4,"featured_media":102242,"comment_status":"open","ping_status":"closed","sticky":false,"template":"","format":"standard","meta":{"_acf_changed":false,"footnotes":""},"categories":[418],"tags":[],"class_list":{"0":"post-102241","1":"post","2":"type-post","3":"status-publish","4":"format-standard","5":"has-post-thumbnail","7":"category-colombia"},"acf":[],"_links":{"self":[{"href":"https:\/\/futbolhoy.co\/index.php\/wp-json\/wp\/v2\/posts\/102241","targetHints":{"allow":["GET"]}}],"collection":[{"href":"https:\/\/futbolhoy.co\/index.php\/wp-json\/wp\/v2\/posts"}],"about":[{"href":"https:\/\/futbolhoy.co\/index.php\/wp-json\/wp\/v2\/types\/post"}],"author":[{"embeddable":true,"href":"https:\/\/futbolhoy.co\/index.php\/wp-json\/wp\/v2\/users\/4"}],"replies":[{"embeddable":true,"href":"https:\/\/futbolhoy.co\/index.php\/wp-json\/wp\/v2\/comments?post=102241"}],"version-history":[{"count":1,"href":"https:\/\/futbolhoy.co\/index.php\/wp-json\/wp\/v2\/posts\/102241\/revisions"}],"predecessor-version":[{"id":102243,"href":"https:\/\/futbolhoy.co\/index.php\/wp-json\/wp\/v2\/posts\/102241\/revisions\/102243"}],"wp:featuredmedia":[{"embeddable":true,"href":"https:\/\/futbolhoy.co\/index.php\/wp-json\/wp\/v2\/media\/102242"}],"wp:attachment":[{"href":"https:\/\/futbolhoy.co\/index.php\/wp-json\/wp\/v2\/media?parent=102241"}],"wp:term":[{"taxonomy":"category","embeddable":true,"href":"https:\/\/futbolhoy.co\/index.php\/wp-json\/wp\/v2\/categories?post=102241"},{"taxonomy":"post_tag","embeddable":true,"href":"https:\/\/futbolhoy.co\/index.php\/wp-json\/wp\/v2\/tags?post=102241"}],"curies":[{"name":"wp","href":"https:\/\/api.w.org\/{rel}","templated":true}]}}