{"id":102267,"date":"2023-12-20T07:18:49","date_gmt":"2023-12-20T12:18:49","guid":{"rendered":"https:\/\/futbolhoy.co\/?p=102267"},"modified":"2023-12-20T20:37:24","modified_gmt":"2023-12-21T01:37:24","slug":"luis-fabiano-y-su-critica-a-james-rodriguez-es-un-problema","status":"publish","type":"post","link":"https:\/\/futbolhoy.co\/index.php\/2023\/12\/20\/luis-fabiano-y-su-critica-a-james-rodriguez-es-un-problema\/","title":{"rendered":"Luis Fabiano y su cr\u00edtica a James Rodr\u00edguez: \u00abEs un problema\u00bb"},"content":{"rendered":"<p style=\"text-align: justify;\"><span style=\"font-family: helvetica, arial, sans-serif;\">En el cierre de a\u00f1o, <strong>James Rodr\u00edguez<\/strong> ha recibido fuertes cr\u00edticas por parte de exfutbolistas que han pasado por <strong>Sao Paulo<\/strong> y que han dejado una huella, como el uruguayo <strong>Diego Lugano<\/strong> y el brasile\u00f1o <strong>Luis Fabiano.<\/strong><\/span><\/p>\n<p style=\"text-align: justify;\"><span style=\"font-family: helvetica, arial, sans-serif;\">El exdefensor fue el primero que carg\u00f3 contra el colombiano. S\u00ed bien reconoci\u00f3 su calidad, dej\u00f3 claro que espera m\u00e1s de \u00e9l para el pr\u00f3ximo a\u00f1o, en el que el club Paulista afrontar\u00e1 la <strong>Copa Libertadores.<\/strong><\/span><\/p>\n<p style=\"text-align: justify;\"><span style=\"font-family: helvetica, arial, sans-serif;\">Por su parte, Fabiano, uno de los m\u00e1ximos goleadores de la instituci\u00f3n, calific\u00f3 la situaci\u00f3n de <strong>James<\/strong> como un problema, pues indic\u00f3 que para ser titular deber\u00e1 merecerla.<\/span><\/p>\n<p style=\"text-align: justify;\"><span style=\"font-family: helvetica, arial, sans-serif;\">\u201cPara m\u00ed, <strong>James es un problema<\/strong>. Con las exigencias de ser titular, es un problema \u00bf(S\u00e3o Paulo) Ser\u00e1 reh\u00e9n del jugador? El tipo juega mal dos partidos, \u00bfy lo van a mantener? \u00bfY la plantilla? Es un problema si (Dorival) lo permite\u201d, dijo en di\u00e1logo con <em><strong>ESPN.<\/strong><\/em><\/span><\/p>\n<p style=\"text-align: justify;\"><span style=\"font-family: helvetica, arial, sans-serif;\">El volante termin\u00f3 disputando 14 partidos (9 como titular), en los que aport\u00f3 1 gol y 4 asistencias.<\/span><\/p>\n","protected":false},"excerpt":{"rendered":"<p>En el cierre de a\u00f1o, James Rodr\u00edguez ha recibido fuertes cr\u00edticas por parte de exfutbolistas que han pasado por Sao Paulo y que han dejado una huella, como el uruguayo Diego Lugano y el brasile\u00f1o Luis Fabiano. El exdefensor fue el primero que carg\u00f3 contra el colombiano. S\u00ed bien reconoci\u00f3 su calidad, dej\u00f3 claro que [&hellip;]<\/p>\n","protected":false},"author":4,"featured_media":97538,"comment_status":"open","ping_status":"closed","sticky":false,"template":"","format":"standard","meta":{"_acf_changed":false,"footnotes":""},"categories":[418],"tags":[],"class_list":{"0":"post-102267","1":"post","2":"type-post","3":"status-publish","4":"format-standard","5":"has-post-thumbnail","7":"category-colombia"},"acf":[],"_links":{"self":[{"href":"https:\/\/futbolhoy.co\/index.php\/wp-json\/wp\/v2\/posts\/102267","targetHints":{"allow":["GET"]}}],"collection":[{"href":"https:\/\/futbolhoy.co\/index.php\/wp-json\/wp\/v2\/posts"}],"about":[{"href":"https:\/\/futbolhoy.co\/index.php\/wp-json\/wp\/v2\/types\/post"}],"author":[{"embeddable":true,"href":"https:\/\/futbolhoy.co\/index.php\/wp-json\/wp\/v2\/users\/4"}],"replies":[{"embeddable":true,"href":"https:\/\/futbolhoy.co\/index.php\/wp-json\/wp\/v2\/comments?post=102267"}],"version-history":[{"count":1,"href":"https:\/\/futbolhoy.co\/index.php\/wp-json\/wp\/v2\/posts\/102267\/revisions"}],"predecessor-version":[{"id":102268,"href":"https:\/\/futbolhoy.co\/index.php\/wp-json\/wp\/v2\/posts\/102267\/revisions\/102268"}],"wp:featuredmedia":[{"embeddable":true,"href":"https:\/\/futbolhoy.co\/index.php\/wp-json\/wp\/v2\/media\/97538"}],"wp:attachment":[{"href":"https:\/\/futbolhoy.co\/index.php\/wp-json\/wp\/v2\/media?parent=102267"}],"wp:term":[{"taxonomy":"category","embeddable":true,"href":"https:\/\/futbolhoy.co\/index.php\/wp-json\/wp\/v2\/categories?post=102267"},{"taxonomy":"post_tag","embeddable":true,"href":"https:\/\/futbolhoy.co\/index.php\/wp-json\/wp\/v2\/tags?post=102267"}],"curies":[{"name":"wp","href":"https:\/\/api.w.org\/{rel}","templated":true}]}}