{"id":102269,"date":"2023-12-20T08:14:42","date_gmt":"2023-12-20T13:14:42","guid":{"rendered":"https:\/\/futbolhoy.co\/?p=102269"},"modified":"2023-12-20T20:37:15","modified_gmt":"2023-12-21T01:37:15","slug":"dani-alves-ya-hay-fechas-para-su-juicio-por-presunta-violacion","status":"publish","type":"post","link":"https:\/\/futbolhoy.co\/index.php\/2023\/12\/20\/dani-alves-ya-hay-fechas-para-su-juicio-por-presunta-violacion\/","title":{"rendered":"Dani Alves: ya hay fechas para su juicio por presunta violaci\u00f3n"},"content":{"rendered":"<p style=\"text-align: justify;\"><span style=\"font-family: helvetica, arial, sans-serif;\"><strong>Dani Alves<\/strong> ya conoce las fechas en las que ser\u00e1 juzgado por la <strong>Audiencia<\/strong> de <strong>Barcelona.<\/strong> Ser\u00e1n los d\u00edas 5, 6 y 7 de febrero, en los que la Fiscal\u00eda pedir\u00e1 nueve a\u00f1os de prisi\u00f3n por presuntamente violar a una joven en una discoteca de la capital catalana el 30 de diciembre de 2022.<\/span><\/p>\n<p style=\"text-align: justify;\"><span style=\"font-family: helvetica, arial, sans-serif;\">Seg\u00fan ha informado el <strong>Tribunal Superior de Justicia de Catalu\u00f1a (TSJC),<\/strong> la secci\u00f3n 21\u00aa de la Audiencia de Barcelona ha comunicado este mi\u00e9rcoles las fechas se\u00f1aladas para el juicio al futbolista, que permanece en prisi\u00f3n preventiva desde que fue detenido el pasado mes de enero.<\/span><\/p>\n<p style=\"text-align: justify;\"><span style=\"font-family: helvetica, arial, sans-serif;\">La <strong>Fiscal\u00eda<\/strong> pide nueve a\u00f1os de c\u00e1rcel para el exjugador del<strong> FC Barcelona,<\/strong> pena que la acusaci\u00f3n particular ejercida por la v\u00edctima eleva a doce, el m\u00e1ximo previsto en la ley por el delito de agresi\u00f3n sexual.<\/span><\/p>\n<p style=\"text-align: justify;\"><span style=\"font-family: helvetica, arial, sans-serif;\">Por su parte, la defensa del futbolista solicita su absoluci\u00f3n al concluir que las relaciones sexuales que mantuvo con la denunciante en un ba\u00f1o de la discoteca <strong>Sutton<\/strong> fueron consentidas, aunque mantiene que los 150.000 euros que el acusado ha pagado -impuestos por la jueza como fianza en su procesamiento- abren la puerta a una atenuante de reparaci\u00f3n del da\u00f1o en caso de condena.<\/span><\/p>\n<p style=\"text-align: justify;\"><span style=\"font-family: helvetica, arial, sans-serif;\">Aunque las posiciones de acusaciones y defensa se antojan de momento alejadas, no es descartable un pacto &#8216;in extremis&#8217; a las puertas del juicio que reduzca la condena al internacional brasile\u00f1o, a cambio de que reconozca la violaci\u00f3n e indemnice a la v\u00edctima.<\/span><\/p>\n","protected":false},"excerpt":{"rendered":"<p>Dani Alves ya conoce las fechas en las que ser\u00e1 juzgado por la Audiencia de Barcelona. Ser\u00e1n los d\u00edas 5, 6 y 7 de febrero, en los que la Fiscal\u00eda pedir\u00e1 nueve a\u00f1os de prisi\u00f3n por presuntamente violar a una joven en una discoteca de la capital catalana el 30 de diciembre de 2022. Seg\u00fan [&hellip;]<\/p>\n","protected":false},"author":4,"featured_media":17587,"comment_status":"open","ping_status":"closed","sticky":false,"template":"","format":"standard","meta":{"_acf_changed":false,"footnotes":""},"categories":[152],"tags":[],"class_list":{"0":"post-102269","1":"post","2":"type-post","3":"status-publish","4":"format-standard","5":"has-post-thumbnail","7":"category-mundo-futbol"},"acf":[],"_links":{"self":[{"href":"https:\/\/futbolhoy.co\/index.php\/wp-json\/wp\/v2\/posts\/102269","targetHints":{"allow":["GET"]}}],"collection":[{"href":"https:\/\/futbolhoy.co\/index.php\/wp-json\/wp\/v2\/posts"}],"about":[{"href":"https:\/\/futbolhoy.co\/index.php\/wp-json\/wp\/v2\/types\/post"}],"author":[{"embeddable":true,"href":"https:\/\/futbolhoy.co\/index.php\/wp-json\/wp\/v2\/users\/4"}],"replies":[{"embeddable":true,"href":"https:\/\/futbolhoy.co\/index.php\/wp-json\/wp\/v2\/comments?post=102269"}],"version-history":[{"count":1,"href":"https:\/\/futbolhoy.co\/index.php\/wp-json\/wp\/v2\/posts\/102269\/revisions"}],"predecessor-version":[{"id":102271,"href":"https:\/\/futbolhoy.co\/index.php\/wp-json\/wp\/v2\/posts\/102269\/revisions\/102271"}],"wp:featuredmedia":[{"embeddable":true,"href":"https:\/\/futbolhoy.co\/index.php\/wp-json\/wp\/v2\/media\/17587"}],"wp:attachment":[{"href":"https:\/\/futbolhoy.co\/index.php\/wp-json\/wp\/v2\/media?parent=102269"}],"wp:term":[{"taxonomy":"category","embeddable":true,"href":"https:\/\/futbolhoy.co\/index.php\/wp-json\/wp\/v2\/categories?post=102269"},{"taxonomy":"post_tag","embeddable":true,"href":"https:\/\/futbolhoy.co\/index.php\/wp-json\/wp\/v2\/tags?post=102269"}],"curies":[{"name":"wp","href":"https:\/\/api.w.org\/{rel}","templated":true}]}}