{"id":102272,"date":"2023-12-20T08:58:36","date_gmt":"2023-12-20T13:58:36","guid":{"rendered":"https:\/\/futbolhoy.co\/?p=102272"},"modified":"2023-12-21T09:15:25","modified_gmt":"2023-12-21T14:15:25","slug":"linda-caicedo-regresa-a-una-convocatoria-del-real-madrid","status":"publish","type":"post","link":"https:\/\/futbolhoy.co\/index.php\/2023\/12\/20\/linda-caicedo-regresa-a-una-convocatoria-del-real-madrid\/","title":{"rendered":"Linda Caicedo regresa a una convocatoria del Real Madrid"},"content":{"rendered":"<p style=\"text-align: justify;\"><span style=\"font-family: helvetica, arial, sans-serif;\"><strong>Linda Caicedo<\/strong> se reintegr\u00f3 a los entrenamientos del <strong>Real Madrid,<\/strong> luego de superar una lesi\u00f3n en los ligamentos del tobillo y ya fue incluida en una convocatoria.<\/span><\/p>\n<p style=\"text-align: justify;\"><span style=\"font-family: helvetica, arial, sans-serif;\">La colombiana estar\u00e1 disponible para el partido ante <strong>Par\u00eds FC,<\/strong> en la <strong>Liga de Campeones femenina<\/strong>, aunque es probable que no sea titular.<\/span><\/p>\n<p style=\"text-align: justify;\"><span style=\"font-family: helvetica, arial, sans-serif;\">Desde la lesi\u00f3n de Linda Caicedo, el Real Madrid ha disputado cinco encuentros oficiales, con tres derrotas y dos triunfos. El equipo ha complicado su futuro europeo y ha visto como en la liga espa\u00f1ola le han igualado en la segunda plaza el <strong>Levante<\/strong> y el <strong>Madrid CFF.<\/strong><\/span><\/p>\n<p style=\"text-align: justify;\"><span style=\"font-family: helvetica, arial, sans-serif;\">El entrenador, <strong>Alberto Toril,<\/strong> para el partido ante el Par\u00eds FC ha recuperado tambi\u00e9n a las francesas <strong>Sandie Toletti y Naomi Feller.<\/strong><\/span><\/p>\n","protected":false},"excerpt":{"rendered":"<p>Linda Caicedo se reintegr\u00f3 a los entrenamientos del Real Madrid, luego de superar una lesi\u00f3n en los ligamentos del tobillo y ya fue incluida en una convocatoria. La colombiana estar\u00e1 disponible para el partido ante Par\u00eds FC, en la Liga de Campeones femenina, aunque es probable que no sea titular. Desde la lesi\u00f3n de Linda [&hellip;]<\/p>\n","protected":false},"author":4,"featured_media":101103,"comment_status":"open","ping_status":"closed","sticky":false,"template":"","format":"standard","meta":{"_acf_changed":false,"footnotes":""},"categories":[418],"tags":[],"class_list":{"0":"post-102272","1":"post","2":"type-post","3":"status-publish","4":"format-standard","5":"has-post-thumbnail","7":"category-colombia"},"acf":[],"_links":{"self":[{"href":"https:\/\/futbolhoy.co\/index.php\/wp-json\/wp\/v2\/posts\/102272","targetHints":{"allow":["GET"]}}],"collection":[{"href":"https:\/\/futbolhoy.co\/index.php\/wp-json\/wp\/v2\/posts"}],"about":[{"href":"https:\/\/futbolhoy.co\/index.php\/wp-json\/wp\/v2\/types\/post"}],"author":[{"embeddable":true,"href":"https:\/\/futbolhoy.co\/index.php\/wp-json\/wp\/v2\/users\/4"}],"replies":[{"embeddable":true,"href":"https:\/\/futbolhoy.co\/index.php\/wp-json\/wp\/v2\/comments?post=102272"}],"version-history":[{"count":1,"href":"https:\/\/futbolhoy.co\/index.php\/wp-json\/wp\/v2\/posts\/102272\/revisions"}],"predecessor-version":[{"id":102273,"href":"https:\/\/futbolhoy.co\/index.php\/wp-json\/wp\/v2\/posts\/102272\/revisions\/102273"}],"wp:featuredmedia":[{"embeddable":true,"href":"https:\/\/futbolhoy.co\/index.php\/wp-json\/wp\/v2\/media\/101103"}],"wp:attachment":[{"href":"https:\/\/futbolhoy.co\/index.php\/wp-json\/wp\/v2\/media?parent=102272"}],"wp:term":[{"taxonomy":"category","embeddable":true,"href":"https:\/\/futbolhoy.co\/index.php\/wp-json\/wp\/v2\/categories?post=102272"},{"taxonomy":"post_tag","embeddable":true,"href":"https:\/\/futbolhoy.co\/index.php\/wp-json\/wp\/v2\/tags?post=102272"}],"curies":[{"name":"wp","href":"https:\/\/api.w.org\/{rel}","templated":true}]}}