{"id":102280,"date":"2023-12-20T14:14:48","date_gmt":"2023-12-20T19:14:48","guid":{"rendered":"https:\/\/futbolhoy.co\/?p=102280"},"modified":"2023-12-21T10:33:46","modified_gmt":"2023-12-21T15:33:46","slug":"presidente-del-dim-se-destapa-ofertas-por-jugadores-fichajes-y-mas","status":"publish","type":"post","link":"https:\/\/futbolhoy.co\/index.php\/2023\/12\/20\/presidente-del-dim-se-destapa-ofertas-por-jugadores-fichajes-y-mas\/","title":{"rendered":"Presidente del DIM se destapa: ofertas por jugadores, fichajes y m\u00e1s"},"content":{"rendered":"<p style=\"text-align: justify;\"><span style=\"font-family: helvetica, arial, sans-serif;\">El presidente de <strong>Independiente Medell\u00edn<\/strong>, Daniel Ossa, habl\u00f3 en rueda de prensa sobre la actualidad del equipo, puntualmente sobre las altas y bajas que tendr\u00e1 la instituci\u00f3n para 2024.<\/span><\/p>\n<p style=\"text-align: justify;\"><span style=\"font-family: helvetica, arial, sans-serif;\">Manifest\u00f3 que el arquero <strong>Andr\u00e9s Mosquera Marmolejo<\/strong> tiene ofertas, as\u00ed como el <strong>Deportes Tolima<\/strong> har\u00e1 uso de la opci\u00f3n de compra por <strong>Diego Herazo<\/strong>, aunque el poderoso mantendr\u00e1 un porcentaje de sus derechos.<\/span><\/p>\n<p style=\"text-align: justify;\"><span style=\"font-family: helvetica, arial, sans-serif;\">Por su parte, el volante Jaime Alvarado solo saldr\u00e1 del equipo si es al exterior, al igual que <strong>Edwuin Cetr\u00e9,<\/strong> quien tiene contrato por tres a\u00f1os.<\/span><\/p>\n<p style=\"text-align: justify;\"><span style=\"font-family: helvetica, arial, sans-serif;\">Mantener a <strong>Yairo Moreno<\/strong> ser\u00e1 dif\u00edcil, pues est\u00e1 a pr\u00e9stamo desde Le\u00f3n de M\u00e9xico. El t\u00e9cnico Alfredo Arias, continuar\u00e1 al mando del proyecto.<\/span><\/p>\n<p style=\"text-align: justify;\"><span style=\"font-family: helvetica, arial, sans-serif;\">En cuanto a llegada, a falta de ex\u00e1menes m\u00e9dicos, est\u00e1n: <strong>Jos\u00e9 Manuel Aja<\/strong> (defensa), <strong>Pablo Lima<\/strong> (volante),<strong> Jhon V\u00e1squez<\/strong> (extremo) y <strong>Kener Valencia<\/strong> (extremo).<\/span><\/p>\n<p style=\"text-align: justify;\"><span style=\"font-family: helvetica, arial, sans-serif;\"><strong>Salen:<\/strong> Daniel Torres, Joaqu\u00edn Varela, Andr\u00e9s Ricaurte, Felipe Pardo, Yuli\u00e1n G\u00f3mez y Jonathan Marulanda.<\/span><\/p>\n","protected":false},"excerpt":{"rendered":"<p>El presidente de Independiente Medell\u00edn, Daniel Ossa, habl\u00f3 en rueda de prensa sobre la actualidad del equipo, puntualmente sobre las altas y bajas que tendr\u00e1 la instituci\u00f3n para 2024. Manifest\u00f3 que el arquero Andr\u00e9s Mosquera Marmolejo tiene ofertas, as\u00ed como el Deportes Tolima har\u00e1 uso de la opci\u00f3n de compra por Diego Herazo, aunque el [&hellip;]<\/p>\n","protected":false},"author":4,"featured_media":102281,"comment_status":"open","ping_status":"closed","sticky":false,"template":"","format":"standard","meta":{"_acf_changed":false,"footnotes":""},"categories":[7],"tags":[],"class_list":{"0":"post-102280","1":"post","2":"type-post","3":"status-publish","4":"format-standard","5":"has-post-thumbnail","7":"category-liga-betplay"},"acf":[],"_links":{"self":[{"href":"https:\/\/futbolhoy.co\/index.php\/wp-json\/wp\/v2\/posts\/102280","targetHints":{"allow":["GET"]}}],"collection":[{"href":"https:\/\/futbolhoy.co\/index.php\/wp-json\/wp\/v2\/posts"}],"about":[{"href":"https:\/\/futbolhoy.co\/index.php\/wp-json\/wp\/v2\/types\/post"}],"author":[{"embeddable":true,"href":"https:\/\/futbolhoy.co\/index.php\/wp-json\/wp\/v2\/users\/4"}],"replies":[{"embeddable":true,"href":"https:\/\/futbolhoy.co\/index.php\/wp-json\/wp\/v2\/comments?post=102280"}],"version-history":[{"count":2,"href":"https:\/\/futbolhoy.co\/index.php\/wp-json\/wp\/v2\/posts\/102280\/revisions"}],"predecessor-version":[{"id":102283,"href":"https:\/\/futbolhoy.co\/index.php\/wp-json\/wp\/v2\/posts\/102280\/revisions\/102283"}],"wp:featuredmedia":[{"embeddable":true,"href":"https:\/\/futbolhoy.co\/index.php\/wp-json\/wp\/v2\/media\/102281"}],"wp:attachment":[{"href":"https:\/\/futbolhoy.co\/index.php\/wp-json\/wp\/v2\/media?parent=102280"}],"wp:term":[{"taxonomy":"category","embeddable":true,"href":"https:\/\/futbolhoy.co\/index.php\/wp-json\/wp\/v2\/categories?post=102280"},{"taxonomy":"post_tag","embeddable":true,"href":"https:\/\/futbolhoy.co\/index.php\/wp-json\/wp\/v2\/tags?post=102280"}],"curies":[{"name":"wp","href":"https:\/\/api.w.org\/{rel}","templated":true}]}}