{"id":102316,"date":"2023-12-21T10:51:28","date_gmt":"2023-12-21T15:51:28","guid":{"rendered":"https:\/\/futbolhoy.co\/?p=102316"},"modified":"2023-12-21T20:49:27","modified_gmt":"2023-12-22T01:49:27","slug":"superliga-este-es-el-nuevo-formato-para-intentar-salvarla","status":"publish","type":"post","link":"https:\/\/futbolhoy.co\/index.php\/2023\/12\/21\/superliga-este-es-el-nuevo-formato-para-intentar-salvarla\/","title":{"rendered":"Superliga: este es el nuevo formato para intentar salvarla"},"content":{"rendered":"<p style=\"text-align: justify;\"><span style=\"font-family: helvetica, arial, sans-serif;\">La empresa <strong>A22<\/strong>, promotora de la <strong>Superliga<\/strong>, present\u00f3, tras la sentencia del <strong>Tribunal de Justicia de la Uni\u00f3n Europea<\/strong> a favor de la competici\u00f3n, el formato de torneo que promueven, con 64 participantes divididos en tres grupos, con un campe\u00f3n en cada uno de ellos y la inclusi\u00f3n de ascensos y descensos para que sea una \u201ccompetici\u00f3n abierta\u201d. No obstante, solo dos equipos est\u00e1n a favor: <strong>Real Madrid<\/strong> y <strong>Barcelona<\/strong>.<\/span><\/p>\n<p style=\"text-align: justify;\"><span style=\"font-family: helvetica, arial, sans-serif;\">Despu\u00e9s de que la justicia europea dio la raz\u00f3n a la Superliga frente a <strong>UEFA y FIFA,<\/strong> esta quiso defender un nuevo modelo del f\u00fatbol en una presentaci\u00f3n de <strong>Bernd Reichart,<\/strong> consejero delegado de A22, en la que asegur\u00f3 que \u201cla nueva propuesta de competici\u00f3n es el resultado de un extenso di\u00e1logo durante los \u00faltimos 18 meses, con muchas personas del mundo del f\u00fatbol involucradas\u201d. <\/span><\/p>\n<p style=\"text-align: justify;\"><span style=\"font-family: helvetica, arial, sans-serif;\">Se establecen 64 participantes que quedar\u00e1n divididos en tres grupos -estrella y oro, con 16 equipos en cada uno de ellos; y azul, con los 32 restantes- entre los que habr\u00e1 descensos y ascensos. Adem\u00e1s, al grupo azul se podr\u00e1n incorporar equipos con base a los m\u00e9ritos que hayan logrado en sus competiciones dom\u00e9sticas. <\/span><\/p>\n<p style=\"text-align: justify;\"><span style=\"font-family: helvetica, arial, sans-serif;\">Tras la disputa de 14 partidos por grupo, se llevar\u00e1n a cabo eliminatorias desde cuartos de final, con cuatro equipos clasificados por grupo, para definir al campe\u00f3n. Es decir, habr\u00e1 un campe\u00f3n por cada grupo; asimil\u00e1ndose a lo que ocurre actualmente con la<strong> Liga de Campeones, Liga Europa y Liga Conferencia. <\/strong><\/span><\/p>\n<p style=\"text-align: justify;\"><span style=\"font-family: helvetica, arial, sans-serif;\">Tras acabar una competici\u00f3n que prev\u00e9n se dispute de septiembre a abril, habr\u00e1 ascensos y descensos entre grupos, adem\u00e1s de la posibilidad de que nuevos equipos, en detrimento de los peores clasificados del grupo azul, se clasifiquen para la <strong>Superliga<\/strong> con base a sus m\u00e9ritos deportivos en las ligas dom\u00e9sticas.<\/span><\/p>\n","protected":false},"excerpt":{"rendered":"<p>La empresa A22, promotora de la Superliga, present\u00f3, tras la sentencia del Tribunal de Justicia de la Uni\u00f3n Europea a favor de la competici\u00f3n, el formato de torneo que promueven, con 64 participantes divididos en tres grupos, con un campe\u00f3n en cada uno de ellos y la inclusi\u00f3n de ascensos y descensos para que sea [&hellip;]<\/p>\n","protected":false},"author":4,"featured_media":102317,"comment_status":"open","ping_status":"open","sticky":false,"template":"","format":"standard","meta":{"_acf_changed":false,"footnotes":""},"categories":[152],"tags":[],"class_list":{"0":"post-102316","1":"post","2":"type-post","3":"status-publish","4":"format-standard","5":"has-post-thumbnail","7":"category-mundo-futbol"},"acf":[],"yoast_head":"<!-- This site is optimized with the Yoast SEO plugin v26.8 - https:\/\/yoast.com\/product\/yoast-seo-wordpress\/ -->\n<title>Superliga: este es el nuevo formato para intentar salvarla -<\/title>\n<meta name=\"robots\" content=\"index, follow, max-snippet:-1, max-image-preview:large, max-video-preview:-1\" \/>\n<link rel=\"canonical\" href=\"https:\/\/futbolhoy.co\/index.php\/2023\/12\/21\/superliga-este-es-el-nuevo-formato-para-intentar-salvarla\/\" \/>\n<meta property=\"og:locale\" content=\"es_ES\" \/>\n<meta property=\"og:type\" content=\"article\" \/>\n<meta property=\"og:title\" content=\"Superliga: este es el nuevo formato para intentar salvarla -\" \/>\n<meta property=\"og:description\" content=\"La empresa A22, promotora de la Superliga, present\u00f3, tras la sentencia del Tribunal de Justicia de la Uni\u00f3n Europea a favor de la competici\u00f3n, el formato de torneo que promueven, con 64 participantes divididos en tres grupos, con un campe\u00f3n en cada uno de ellos y la inclusi\u00f3n de ascensos y descensos para que sea [&hellip;]\" \/>\n<meta property=\"og:url\" content=\"https:\/\/futbolhoy.co\/index.php\/2023\/12\/21\/superliga-este-es-el-nuevo-formato-para-intentar-salvarla\/\" \/>\n<meta property=\"article:publisher\" content=\"https:\/\/www.facebook.com\/FutbolHoyCol\/\" \/>\n<meta property=\"article:published_time\" content=\"2023-12-21T15:51:28+00:00\" \/>\n<meta property=\"article:modified_time\" content=\"2023-12-22T01:49:27+00:00\" \/>\n<meta property=\"og:image\" content=\"https:\/\/futbolhoy.co\/wp-content\/uploads\/2023\/12\/Florentino.png\" \/>\n\t<meta property=\"og:image:width\" content=\"746\" \/>\n\t<meta property=\"og:image:height\" content=\"447\" \/>\n\t<meta property=\"og:image:type\" content=\"image\/png\" \/>\n<meta name=\"author\" content=\"contenido\" \/>\n<meta name=\"twitter:card\" content=\"summary_large_image\" \/>\n<meta name=\"twitter:creator\" content=\"@FutbolHoyCol\" \/>\n<meta name=\"twitter:site\" content=\"@FutbolHoyCol\" \/>\n<meta name=\"twitter:label1\" content=\"Escrito por\" \/>\n\t<meta name=\"twitter:data1\" content=\"contenido\" \/>\n\t<meta name=\"twitter:label2\" content=\"Tiempo de lectura\" \/>\n\t<meta name=\"twitter:data2\" content=\"2 minutos\" \/>\n<script type=\"application\/ld+json\" class=\"yoast-schema-graph\">{\"@context\":\"https:\/\/schema.org\",\"@graph\":[{\"@type\":\"Article\",\"@id\":\"https:\/\/futbolhoy.co\/index.php\/2023\/12\/21\/superliga-este-es-el-nuevo-formato-para-intentar-salvarla\/#article\",\"isPartOf\":{\"@id\":\"https:\/\/futbolhoy.co\/index.php\/2023\/12\/21\/superliga-este-es-el-nuevo-formato-para-intentar-salvarla\/\"},\"author\":{\"name\":\"contenido\",\"@id\":\"https:\/\/futbolhoy.co\/#\/schema\/person\/1721b69355b6623eaff15ac7b92d4cc3\"},\"headline\":\"Superliga: este es el nuevo formato para intentar salvarla\",\"datePublished\":\"2023-12-21T15:51:28+00:00\",\"dateModified\":\"2023-12-22T01:49:27+00:00\",\"mainEntityOfPage\":{\"@id\":\"https:\/\/futbolhoy.co\/index.php\/2023\/12\/21\/superliga-este-es-el-nuevo-formato-para-intentar-salvarla\/\"},\"wordCount\":320,\"commentCount\":0,\"publisher\":{\"@id\":\"https:\/\/futbolhoy.co\/#organization\"},\"image\":{\"@id\":\"https:\/\/futbolhoy.co\/index.php\/2023\/12\/21\/superliga-este-es-el-nuevo-formato-para-intentar-salvarla\/#primaryimage\"},\"thumbnailUrl\":\"https:\/\/futbolhoy.co\/wp-content\/uploads\/2023\/12\/Florentino.png\",\"articleSection\":[\"Mundo Futbol\"],\"inLanguage\":\"es\",\"potentialAction\":[{\"@type\":\"CommentAction\",\"name\":\"Comment\",\"target\":[\"https:\/\/futbolhoy.co\/index.php\/2023\/12\/21\/superliga-este-es-el-nuevo-formato-para-intentar-salvarla\/#respond\"]}]},{\"@type\":\"WebPage\",\"@id\":\"https:\/\/futbolhoy.co\/index.php\/2023\/12\/21\/superliga-este-es-el-nuevo-formato-para-intentar-salvarla\/\",\"url\":\"https:\/\/futbolhoy.co\/index.php\/2023\/12\/21\/superliga-este-es-el-nuevo-formato-para-intentar-salvarla\/\",\"name\":\"Superliga: este es el nuevo formato para intentar salvarla -\",\"isPartOf\":{\"@id\":\"https:\/\/futbolhoy.co\/#website\"},\"primaryImageOfPage\":{\"@id\":\"https:\/\/futbolhoy.co\/index.php\/2023\/12\/21\/superliga-este-es-el-nuevo-formato-para-intentar-salvarla\/#primaryimage\"},\"image\":{\"@id\":\"https:\/\/futbolhoy.co\/index.php\/2023\/12\/21\/superliga-este-es-el-nuevo-formato-para-intentar-salvarla\/#primaryimage\"},\"thumbnailUrl\":\"https:\/\/futbolhoy.co\/wp-content\/uploads\/2023\/12\/Florentino.png\",\"datePublished\":\"2023-12-21T15:51:28+00:00\",\"dateModified\":\"2023-12-22T01:49:27+00:00\",\"breadcrumb\":{\"@id\":\"https:\/\/futbolhoy.co\/index.php\/2023\/12\/21\/superliga-este-es-el-nuevo-formato-para-intentar-salvarla\/#breadcrumb\"},\"inLanguage\":\"es\",\"potentialAction\":[{\"@type\":\"ReadAction\",\"target\":[\"https:\/\/futbolhoy.co\/index.php\/2023\/12\/21\/superliga-este-es-el-nuevo-formato-para-intentar-salvarla\/\"]}]},{\"@type\":\"ImageObject\",\"inLanguage\":\"es\",\"@id\":\"https:\/\/futbolhoy.co\/index.php\/2023\/12\/21\/superliga-este-es-el-nuevo-formato-para-intentar-salvarla\/#primaryimage\",\"url\":\"https:\/\/futbolhoy.co\/wp-content\/uploads\/2023\/12\/Florentino.png\",\"contentUrl\":\"https:\/\/futbolhoy.co\/wp-content\/uploads\/2023\/12\/Florentino.png\",\"width\":746,\"height\":447},{\"@type\":\"BreadcrumbList\",\"@id\":\"https:\/\/futbolhoy.co\/index.php\/2023\/12\/21\/superliga-este-es-el-nuevo-formato-para-intentar-salvarla\/#breadcrumb\",\"itemListElement\":[{\"@type\":\"ListItem\",\"position\":1,\"name\":\"Portada\",\"item\":\"https:\/\/futbolhoy.co\/\"},{\"@type\":\"ListItem\",\"position\":2,\"name\":\"Superliga: este es el nuevo formato para intentar salvarla\"}]},{\"@type\":\"WebSite\",\"@id\":\"https:\/\/futbolhoy.co\/#website\",\"url\":\"https:\/\/futbolhoy.co\/\",\"name\":\"FutbolHoy\",\"description\":\"\",\"publisher\":{\"@id\":\"https:\/\/futbolhoy.co\/#organization\"},\"potentialAction\":[{\"@type\":\"SearchAction\",\"target\":{\"@type\":\"EntryPoint\",\"urlTemplate\":\"https:\/\/futbolhoy.co\/?s={search_term_string}\"},\"query-input\":{\"@type\":\"PropertyValueSpecification\",\"valueRequired\":true,\"valueName\":\"search_term_string\"}}],\"inLanguage\":\"es\"},{\"@type\":\"Organization\",\"@id\":\"https:\/\/futbolhoy.co\/#organization\",\"name\":\"Futbolhoy.co\",\"url\":\"https:\/\/futbolhoy.co\/\",\"logo\":{\"@type\":\"ImageObject\",\"inLanguage\":\"es\",\"@id\":\"https:\/\/futbolhoy.co\/#\/schema\/logo\/image\/\",\"url\":\"https:\/\/futbolhoy.co\/wp-content\/uploads\/2018\/08\/17426380_1906371736249227_6326180412931521141_n.jpg\",\"contentUrl\":\"https:\/\/futbolhoy.co\/wp-content\/uploads\/2018\/08\/17426380_1906371736249227_6326180412931521141_n.jpg\",\"width\":960,\"height\":960,\"caption\":\"Futbolhoy.co\"},\"image\":{\"@id\":\"https:\/\/futbolhoy.co\/#\/schema\/logo\/image\/\"},\"sameAs\":[\"https:\/\/www.facebook.com\/FutbolHoyCol\/\",\"https:\/\/x.com\/FutbolHoyCol\",\"https:\/\/www.instagram.com\/futbolhoycol\/\"]},{\"@type\":\"Person\",\"@id\":\"https:\/\/futbolhoy.co\/#\/schema\/person\/1721b69355b6623eaff15ac7b92d4cc3\",\"name\":\"contenido\",\"image\":{\"@type\":\"ImageObject\",\"inLanguage\":\"es\",\"@id\":\"https:\/\/futbolhoy.co\/#\/schema\/person\/image\/\",\"url\":\"https:\/\/secure.gravatar.com\/avatar\/4f656d3256f5134f466206e7c3941518?s=96&d=mm&r=g\",\"contentUrl\":\"https:\/\/secure.gravatar.com\/avatar\/4f656d3256f5134f466206e7c3941518?s=96&d=mm&r=g\",\"caption\":\"contenido\"}}]}<\/script>\n<!-- \/ Yoast SEO plugin. -->","yoast_head_json":{"title":"Superliga: este es el nuevo formato para intentar salvarla -","robots":{"index":"index","follow":"follow","max-snippet":"max-snippet:-1","max-image-preview":"max-image-preview:large","max-video-preview":"max-video-preview:-1"},"canonical":"https:\/\/futbolhoy.co\/index.php\/2023\/12\/21\/superliga-este-es-el-nuevo-formato-para-intentar-salvarla\/","og_locale":"es_ES","og_type":"article","og_title":"Superliga: este es el nuevo formato para intentar salvarla -","og_description":"La empresa A22, promotora de la Superliga, present\u00f3, tras la sentencia del Tribunal de Justicia de la Uni\u00f3n Europea a favor de la competici\u00f3n, el formato de torneo que promueven, con 64 participantes divididos en tres grupos, con un campe\u00f3n en cada uno de ellos y la inclusi\u00f3n de ascensos y descensos para que sea [&hellip;]","og_url":"https:\/\/futbolhoy.co\/index.php\/2023\/12\/21\/superliga-este-es-el-nuevo-formato-para-intentar-salvarla\/","article_publisher":"https:\/\/www.facebook.com\/FutbolHoyCol\/","article_published_time":"2023-12-21T15:51:28+00:00","article_modified_time":"2023-12-22T01:49:27+00:00","og_image":[{"width":746,"height":447,"url":"https:\/\/futbolhoy.co\/wp-content\/uploads\/2023\/12\/Florentino.png","type":"image\/png"}],"author":"contenido","twitter_card":"summary_large_image","twitter_creator":"@FutbolHoyCol","twitter_site":"@FutbolHoyCol","twitter_misc":{"Escrito por":"contenido","Tiempo de lectura":"2 minutos"},"schema":{"@context":"https:\/\/schema.org","@graph":[{"@type":"Article","@id":"https:\/\/futbolhoy.co\/index.php\/2023\/12\/21\/superliga-este-es-el-nuevo-formato-para-intentar-salvarla\/#article","isPartOf":{"@id":"https:\/\/futbolhoy.co\/index.php\/2023\/12\/21\/superliga-este-es-el-nuevo-formato-para-intentar-salvarla\/"},"author":{"name":"contenido","@id":"https:\/\/futbolhoy.co\/#\/schema\/person\/1721b69355b6623eaff15ac7b92d4cc3"},"headline":"Superliga: este es el nuevo formato para intentar salvarla","datePublished":"2023-12-21T15:51:28+00:00","dateModified":"2023-12-22T01:49:27+00:00","mainEntityOfPage":{"@id":"https:\/\/futbolhoy.co\/index.php\/2023\/12\/21\/superliga-este-es-el-nuevo-formato-para-intentar-salvarla\/"},"wordCount":320,"commentCount":0,"publisher":{"@id":"https:\/\/futbolhoy.co\/#organization"},"image":{"@id":"https:\/\/futbolhoy.co\/index.php\/2023\/12\/21\/superliga-este-es-el-nuevo-formato-para-intentar-salvarla\/#primaryimage"},"thumbnailUrl":"https:\/\/futbolhoy.co\/wp-content\/uploads\/2023\/12\/Florentino.png","articleSection":["Mundo Futbol"],"inLanguage":"es","potentialAction":[{"@type":"CommentAction","name":"Comment","target":["https:\/\/futbolhoy.co\/index.php\/2023\/12\/21\/superliga-este-es-el-nuevo-formato-para-intentar-salvarla\/#respond"]}]},{"@type":"WebPage","@id":"https:\/\/futbolhoy.co\/index.php\/2023\/12\/21\/superliga-este-es-el-nuevo-formato-para-intentar-salvarla\/","url":"https:\/\/futbolhoy.co\/index.php\/2023\/12\/21\/superliga-este-es-el-nuevo-formato-para-intentar-salvarla\/","name":"Superliga: este es el nuevo formato para intentar salvarla -","isPartOf":{"@id":"https:\/\/futbolhoy.co\/#website"},"primaryImageOfPage":{"@id":"https:\/\/futbolhoy.co\/index.php\/2023\/12\/21\/superliga-este-es-el-nuevo-formato-para-intentar-salvarla\/#primaryimage"},"image":{"@id":"https:\/\/futbolhoy.co\/index.php\/2023\/12\/21\/superliga-este-es-el-nuevo-formato-para-intentar-salvarla\/#primaryimage"},"thumbnailUrl":"https:\/\/futbolhoy.co\/wp-content\/uploads\/2023\/12\/Florentino.png","datePublished":"2023-12-21T15:51:28+00:00","dateModified":"2023-12-22T01:49:27+00:00","breadcrumb":{"@id":"https:\/\/futbolhoy.co\/index.php\/2023\/12\/21\/superliga-este-es-el-nuevo-formato-para-intentar-salvarla\/#breadcrumb"},"inLanguage":"es","potentialAction":[{"@type":"ReadAction","target":["https:\/\/futbolhoy.co\/index.php\/2023\/12\/21\/superliga-este-es-el-nuevo-formato-para-intentar-salvarla\/"]}]},{"@type":"ImageObject","inLanguage":"es","@id":"https:\/\/futbolhoy.co\/index.php\/2023\/12\/21\/superliga-este-es-el-nuevo-formato-para-intentar-salvarla\/#primaryimage","url":"https:\/\/futbolhoy.co\/wp-content\/uploads\/2023\/12\/Florentino.png","contentUrl":"https:\/\/futbolhoy.co\/wp-content\/uploads\/2023\/12\/Florentino.png","width":746,"height":447},{"@type":"BreadcrumbList","@id":"https:\/\/futbolhoy.co\/index.php\/2023\/12\/21\/superliga-este-es-el-nuevo-formato-para-intentar-salvarla\/#breadcrumb","itemListElement":[{"@type":"ListItem","position":1,"name":"Portada","item":"https:\/\/futbolhoy.co\/"},{"@type":"ListItem","position":2,"name":"Superliga: este es el nuevo formato para intentar salvarla"}]},{"@type":"WebSite","@id":"https:\/\/futbolhoy.co\/#website","url":"https:\/\/futbolhoy.co\/","name":"FutbolHoy","description":"","publisher":{"@id":"https:\/\/futbolhoy.co\/#organization"},"potentialAction":[{"@type":"SearchAction","target":{"@type":"EntryPoint","urlTemplate":"https:\/\/futbolhoy.co\/?s={search_term_string}"},"query-input":{"@type":"PropertyValueSpecification","valueRequired":true,"valueName":"search_term_string"}}],"inLanguage":"es"},{"@type":"Organization","@id":"https:\/\/futbolhoy.co\/#organization","name":"Futbolhoy.co","url":"https:\/\/futbolhoy.co\/","logo":{"@type":"ImageObject","inLanguage":"es","@id":"https:\/\/futbolhoy.co\/#\/schema\/logo\/image\/","url":"https:\/\/futbolhoy.co\/wp-content\/uploads\/2018\/08\/17426380_1906371736249227_6326180412931521141_n.jpg","contentUrl":"https:\/\/futbolhoy.co\/wp-content\/uploads\/2018\/08\/17426380_1906371736249227_6326180412931521141_n.jpg","width":960,"height":960,"caption":"Futbolhoy.co"},"image":{"@id":"https:\/\/futbolhoy.co\/#\/schema\/logo\/image\/"},"sameAs":["https:\/\/www.facebook.com\/FutbolHoyCol\/","https:\/\/x.com\/FutbolHoyCol","https:\/\/www.instagram.com\/futbolhoycol\/"]},{"@type":"Person","@id":"https:\/\/futbolhoy.co\/#\/schema\/person\/1721b69355b6623eaff15ac7b92d4cc3","name":"contenido","image":{"@type":"ImageObject","inLanguage":"es","@id":"https:\/\/futbolhoy.co\/#\/schema\/person\/image\/","url":"https:\/\/secure.gravatar.com\/avatar\/4f656d3256f5134f466206e7c3941518?s=96&d=mm&r=g","contentUrl":"https:\/\/secure.gravatar.com\/avatar\/4f656d3256f5134f466206e7c3941518?s=96&d=mm&r=g","caption":"contenido"}}]}},"publishpress_future_action":{"enabled":false,"date":"2026-05-06 13:16:47","action":"change-status","newStatus":"draft","terms":[],"taxonomy":"category","extraData":[]},"publishpress_future_workflow_manual_trigger":{"enabledWorkflows":[]},"_links":{"self":[{"href":"https:\/\/futbolhoy.co\/index.php\/wp-json\/wp\/v2\/posts\/102316","targetHints":{"allow":["GET"]}}],"collection":[{"href":"https:\/\/futbolhoy.co\/index.php\/wp-json\/wp\/v2\/posts"}],"about":[{"href":"https:\/\/futbolhoy.co\/index.php\/wp-json\/wp\/v2\/types\/post"}],"author":[{"embeddable":true,"href":"https:\/\/futbolhoy.co\/index.php\/wp-json\/wp\/v2\/users\/4"}],"replies":[{"embeddable":true,"href":"https:\/\/futbolhoy.co\/index.php\/wp-json\/wp\/v2\/comments?post=102316"}],"version-history":[{"count":1,"href":"https:\/\/futbolhoy.co\/index.php\/wp-json\/wp\/v2\/posts\/102316\/revisions"}],"predecessor-version":[{"id":102318,"href":"https:\/\/futbolhoy.co\/index.php\/wp-json\/wp\/v2\/posts\/102316\/revisions\/102318"}],"wp:featuredmedia":[{"embeddable":true,"href":"https:\/\/futbolhoy.co\/index.php\/wp-json\/wp\/v2\/media\/102317"}],"wp:attachment":[{"href":"https:\/\/futbolhoy.co\/index.php\/wp-json\/wp\/v2\/media?parent=102316"}],"wp:term":[{"taxonomy":"category","embeddable":true,"href":"https:\/\/futbolhoy.co\/index.php\/wp-json\/wp\/v2\/categories?post=102316"},{"taxonomy":"post_tag","embeddable":true,"href":"https:\/\/futbolhoy.co\/index.php\/wp-json\/wp\/v2\/tags?post=102316"}],"curies":[{"name":"wp","href":"https:\/\/api.w.org\/{rel}","templated":true}]}}