{"id":102426,"date":"2023-12-25T16:38:11","date_gmt":"2023-12-25T21:38:11","guid":{"rendered":"https:\/\/futbolhoy.co\/?p=102426"},"modified":"2023-12-26T10:55:01","modified_gmt":"2023-12-26T15:55:01","slug":"yerry-mina-regresa-al-barcelona","status":"publish","type":"post","link":"https:\/\/futbolhoy.co\/index.php\/2023\/12\/25\/yerry-mina-regresa-al-barcelona\/","title":{"rendered":"\u00bfYerry Mina regresa al Barcelona?"},"content":{"rendered":"<p style=\"text-align: justify;\"><span style=\"font-family: helvetica, arial, sans-serif;\"><strong>Yerry Mina<\/strong> jug\u00f3 para el <strong>Barcelona<\/strong> en la temporada 2017\/2018, sin embargo, su estad\u00eda por el club catal\u00e1n no fue tan positiva, pues apenas jug\u00f3 cinco partidos. En ninguno fue titular y nunca se pudo acoplar, por lo que fue vendido al <strong>Everton<\/strong> en poco m\u00e1s de 30 millones.<\/span><\/p>\n<p style=\"text-align: justify;\"><span style=\"font-family: helvetica, arial, sans-serif;\">Ahora, seg\u00fan inform\u00f3 <em>Mundo Deportivo<\/em>, el defensor central colombiano podr\u00eda ser una opci\u00f3n para el equipo dirigido por <strong>Xavi<\/strong> para lo que falta de la temporada.<\/span><\/p>\n<p style=\"text-align: justify;\"><span style=\"font-family: helvetica, arial, sans-serif;\">\u00abLa econom\u00eda del Barcelona sigue afectando a las operaciones que el club azulgrana pueda hacer tanto en el mercado de invierno como en el de verano, y si deciden reforzar la defensa deber\u00e1n estar muy atentos a las opciones de mercado a coste cero\u201d, dio a conocer el medio.<\/span><\/p>\n<p style=\"text-align: justify;\"><span style=\"font-family: helvetica, arial, sans-serif;\">Mina podr\u00eda ser tenido en cuenta, ya que su contrato en <strong>Fiorentina<\/strong> vence en julio. \u00abYa sabe lo que es jugar en el Bar\u00e7a, aunque su paso por el <strong>Camp Nou<\/strong> fue fugaz. Dej\u00f3 dinero en caja y se fue a probar suerte fuera. Ahora acaba contrato con la Fiorentina y en caso de volver lo har\u00eda con mucha m\u00e1s experiencia en ligas importantes como la <strong>Premier<\/strong> y la <strong>Serie A\u201d<\/strong>, a\u00f1ade el diario.<\/span><\/p>\n<p style=\"text-align: justify;\"><span style=\"font-family: helvetica, arial, sans-serif;\">En el cuadro italiano, ha disputado 4 partidos por Serie A, ante <strong>Monza, Verona, Bolonia y Juventus<\/strong>. Volvi\u00f3 a <strong>Selecci\u00f3n Colombia<\/strong> y ahora busca consolidarse en su club para llegar con ritmo a la <strong>Copa Am\u00e9rica.<\/strong><\/span><\/p>\n","protected":false},"excerpt":{"rendered":"<p>Yerry Mina jug\u00f3 para el Barcelona en la temporada 2017\/2018, sin embargo, su estad\u00eda por el club catal\u00e1n no fue tan positiva, pues apenas jug\u00f3 cinco partidos. En ninguno fue titular y nunca se pudo acoplar, por lo que fue vendido al Everton en poco m\u00e1s de 30 millones. Ahora, seg\u00fan inform\u00f3 Mundo Deportivo, el [&hellip;]<\/p>\n","protected":false},"author":4,"featured_media":12035,"comment_status":"open","ping_status":"closed","sticky":false,"template":"","format":"standard","meta":{"_acf_changed":false,"footnotes":""},"categories":[418],"tags":[],"class_list":{"0":"post-102426","1":"post","2":"type-post","3":"status-publish","4":"format-standard","5":"has-post-thumbnail","7":"category-colombia"},"acf":[],"_links":{"self":[{"href":"https:\/\/futbolhoy.co\/index.php\/wp-json\/wp\/v2\/posts\/102426","targetHints":{"allow":["GET"]}}],"collection":[{"href":"https:\/\/futbolhoy.co\/index.php\/wp-json\/wp\/v2\/posts"}],"about":[{"href":"https:\/\/futbolhoy.co\/index.php\/wp-json\/wp\/v2\/types\/post"}],"author":[{"embeddable":true,"href":"https:\/\/futbolhoy.co\/index.php\/wp-json\/wp\/v2\/users\/4"}],"replies":[{"embeddable":true,"href":"https:\/\/futbolhoy.co\/index.php\/wp-json\/wp\/v2\/comments?post=102426"}],"version-history":[{"count":1,"href":"https:\/\/futbolhoy.co\/index.php\/wp-json\/wp\/v2\/posts\/102426\/revisions"}],"predecessor-version":[{"id":102427,"href":"https:\/\/futbolhoy.co\/index.php\/wp-json\/wp\/v2\/posts\/102426\/revisions\/102427"}],"wp:featuredmedia":[{"embeddable":true,"href":"https:\/\/futbolhoy.co\/index.php\/wp-json\/wp\/v2\/media\/12035"}],"wp:attachment":[{"href":"https:\/\/futbolhoy.co\/index.php\/wp-json\/wp\/v2\/media?parent=102426"}],"wp:term":[{"taxonomy":"category","embeddable":true,"href":"https:\/\/futbolhoy.co\/index.php\/wp-json\/wp\/v2\/categories?post=102426"},{"taxonomy":"post_tag","embeddable":true,"href":"https:\/\/futbolhoy.co\/index.php\/wp-json\/wp\/v2\/tags?post=102426"}],"curies":[{"name":"wp","href":"https:\/\/api.w.org\/{rel}","templated":true}]}}