{"id":102445,"date":"2023-12-26T06:25:23","date_gmt":"2023-12-26T11:25:23","guid":{"rendered":"https:\/\/futbolhoy.co\/?p=102445"},"modified":"2023-12-26T17:46:49","modified_gmt":"2023-12-26T22:46:49","slug":"es-un-reto-un-orgullo-que-hayan-apostado-por-mi-mier-a-su-llegada-a-cruz-azul","status":"publish","type":"post","link":"https:\/\/futbolhoy.co\/index.php\/2023\/12\/26\/es-un-reto-un-orgullo-que-hayan-apostado-por-mi-mier-a-su-llegada-a-cruz-azul\/","title":{"rendered":"Es un reto, un orgullo que hayan apostado por m\u00ed: Mier a su llegada a Cruz Azul"},"content":{"rendered":"<p style=\"text-align: justify;\"><span style=\"font-family: helvetica, arial, sans-serif;\">El portero colombiano\u00a0<b>Kevin Mier arrib\u00f3 a M\u00e9xico<\/b>\u00a0para someterse a los ex\u00e1menes m\u00e9dicos y cerrar su vinculaci\u00f3n al\u00a0<b>Cruz Azul en la Liga MX<\/b>, procedente de\u00a0<b>Atl\u00e9tico Nacional de Colombia<\/b>, y asegur\u00f3 que ser\u00e1 un gran reto para el cual est\u00e1 preparado.<\/span><\/p>\n<p style=\"text-align: justify;\"><span style=\"font-family: helvetica, arial, sans-serif;\">\u201cPara m\u00ed es un gran reto y un orgullo pertenecer a este gran club, tengo objetivos y hay que trabajar para cumplirlos, llegar a aportar, conocer a los compa\u00f1eros y lograr la d\u00e9cima, pero hay que trabajar duro para lograrlo\u201d, se\u00f1al\u00f3 Mier a la prensa a su llegada a territorio mexicano.<\/span><\/p>\n<p style=\"text-align: justify;\"><span style=\"font-family: helvetica, arial, sans-serif;\">El barranque\u00f1o de 23 a\u00f1os a\u00f1adi\u00f3 que: \u201cEs una alegr\u00eda que hayan apostado por m\u00ed, saben entonces el talento que tengo y lo que puedo mostrar.\u00a0<b>El t\u00e9cnico Mart\u00edn Anselmi<\/b>\u00a0confi\u00f3 en m\u00ed por las condiciones que tengo para salir jugando con los pies\u201d.<\/span><\/p>\n<p style=\"text-align: justify;\"><span style=\"font-family: helvetica, arial, sans-serif;\">\u201cTengo compa\u00f1eros de\u00a0<b>selecci\u00f3n Colombia (Kevin Casta\u00f1o y Willer Ditta),<\/b>\u00a0habl\u00e9 mucho con ellos sobre el equipo, por eso vengo a aportar mi experiencia a pesar de mi carrera tan corta\u201d, agreg\u00f3 el arquero por quien el equipo \u2018cementero\u2019 pag\u00f3\u00a0<b>3,3 millones de d\u00f3lares por el 80 % de sus derechos deportivos.<\/b><\/span><\/p>\n<p style=\"text-align: justify;\"><span style=\"font-family: helvetica, arial, sans-serif;\">Sobe su experiencia y la responsabilidad a\u00f1adi\u00f3, \u201cVengo de\u00a0<b>Nacional<\/b>\u00a0gran club debes tener jerarqu\u00eda y ac\u00e1 va a ser algo parecido y con trabajo se puede lograr\u201d.<\/span><\/p>\n<blockquote class=\"twitter-tweet\" data-width=\"550\" data-dnt=\"true\">\n<p lang=\"es\" dir=\"ltr\">Kevin Mier, el nuevo portero de Cruz Azul, se comprometi\u00f3 a trabajar y conseguir la d\u00e9cima para el club. <\/p>\n<p>\u201cEs una alegr\u00eda pertenecer a este club\u2026 Quiero conocer a mis compa\u00f1eros. Quiero lograr la d\u00e9cima. Es muy importante, hay que trabajar para eso\u201d. \ud83d\ude82 <a href=\"https:\/\/t.co\/2jxxBpe6LV\">pic.twitter.com\/2jxxBpe6LV<\/a><\/p>\n<p>&mdash; Universal Deportes (@UnivDeportes) <a href=\"https:\/\/twitter.com\/UnivDeportes\/status\/1739573637147938967?ref_src=twsrc%5Etfw\">December 26, 2023<\/a><\/p><\/blockquote>\n<p><script async src=\"https:\/\/platform.twitter.com\/widgets.js\" charset=\"utf-8\"><\/script><\/p>\n","protected":false},"excerpt":{"rendered":"<p>El portero colombiano\u00a0Kevin Mier arrib\u00f3 a M\u00e9xico\u00a0para someterse a los ex\u00e1menes m\u00e9dicos y cerrar su vinculaci\u00f3n al\u00a0Cruz Azul en la Liga MX, procedente de\u00a0Atl\u00e9tico Nacional de Colombia, y asegur\u00f3 que ser\u00e1 un gran reto para el cual est\u00e1 preparado. \u201cPara m\u00ed es un gran reto y un orgullo pertenecer a este gran club, tengo objetivos [&hellip;]<\/p>\n","protected":false},"author":5,"featured_media":102446,"comment_status":"open","ping_status":"closed","sticky":false,"template":"","format":"standard","meta":{"_acf_changed":false,"footnotes":""},"categories":[418],"tags":[],"class_list":{"0":"post-102445","1":"post","2":"type-post","3":"status-publish","4":"format-standard","5":"has-post-thumbnail","7":"category-colombia"},"acf":[],"_links":{"self":[{"href":"https:\/\/futbolhoy.co\/index.php\/wp-json\/wp\/v2\/posts\/102445","targetHints":{"allow":["GET"]}}],"collection":[{"href":"https:\/\/futbolhoy.co\/index.php\/wp-json\/wp\/v2\/posts"}],"about":[{"href":"https:\/\/futbolhoy.co\/index.php\/wp-json\/wp\/v2\/types\/post"}],"author":[{"embeddable":true,"href":"https:\/\/futbolhoy.co\/index.php\/wp-json\/wp\/v2\/users\/5"}],"replies":[{"embeddable":true,"href":"https:\/\/futbolhoy.co\/index.php\/wp-json\/wp\/v2\/comments?post=102445"}],"version-history":[{"count":1,"href":"https:\/\/futbolhoy.co\/index.php\/wp-json\/wp\/v2\/posts\/102445\/revisions"}],"predecessor-version":[{"id":102447,"href":"https:\/\/futbolhoy.co\/index.php\/wp-json\/wp\/v2\/posts\/102445\/revisions\/102447"}],"wp:featuredmedia":[{"embeddable":true,"href":"https:\/\/futbolhoy.co\/index.php\/wp-json\/wp\/v2\/media\/102446"}],"wp:attachment":[{"href":"https:\/\/futbolhoy.co\/index.php\/wp-json\/wp\/v2\/media?parent=102445"}],"wp:term":[{"taxonomy":"category","embeddable":true,"href":"https:\/\/futbolhoy.co\/index.php\/wp-json\/wp\/v2\/categories?post=102445"},{"taxonomy":"post_tag","embeddable":true,"href":"https:\/\/futbolhoy.co\/index.php\/wp-json\/wp\/v2\/tags?post=102445"}],"curies":[{"name":"wp","href":"https:\/\/api.w.org\/{rel}","templated":true}]}}