{"id":102449,"date":"2023-12-26T10:48:42","date_gmt":"2023-12-26T15:48:42","guid":{"rendered":"https:\/\/futbolhoy.co\/?p=102449"},"modified":"2023-12-26T19:31:52","modified_gmt":"2023-12-27T00:31:52","slug":"liverpool-saldra-al-mercado-si-diaz-no-mejora-aseguro-legendaria-figura-del-club","status":"publish","type":"post","link":"https:\/\/futbolhoy.co\/index.php\/2023\/12\/26\/liverpool-saldra-al-mercado-si-diaz-no-mejora-aseguro-legendaria-figura-del-club\/","title":{"rendered":"Liverpool saldr\u00e1 al mercado si D\u00edaz no mejora, asegur\u00f3 legendaria figura del club"},"content":{"rendered":"<p style=\"text-align: justify;\"><span style=\"font-family: helvetica, arial, sans-serif;\">El ex defensa brit\u00e1nico\u00a0<b>Jamie Carragher,<\/b>\u00a0uno de los m\u00e1ximos \u00eddolos del\u00a0<b>Liverpool,<\/b>\u00a0asegur\u00f3 que el equipo podr\u00eda salir a mediados de 2024 para adquirir un delantero, si el colombiano\u00a0<b>Luis D\u00edaz<\/b>\u00a0no levanta su nivel.<\/span><\/p>\n<p style=\"text-align: justify;\"><span style=\"font-family: helvetica, arial, sans-serif;\">\u201cLuis D\u00edaz simplemente parece una sombra de s\u00ed mismo desde esas lesiones de rodilla que tuvo la temporada pasada, obviamente tuvo problemas familiares esta temporada. Realmente siento que D\u00edaz, especialmente en ese lado izquierdo, debe tener una gran segunda mitad de la temporada o estoy seguro de que el Liverpool entrar\u00e1 al mercado en el verano porque se siente as\u00ed\u201d, se\u00f1al\u00f3 Carragher en una conversaci\u00f3n con otro ex zaguero brit\u00e1nico,\u00a0<b>Gary Neville.<\/b><\/span><\/p>\n<p style=\"text-align: justify;\"><span style=\"font-family: helvetica, arial, sans-serif;\"><b>\u2018El Guajiro\u2019 complet\u00f3 4 partidos sin marcar<\/b>\u00a0y en el m\u00e1s reciente compromiso sali\u00f3 lesionado con un golpe en la rodilla derecha.<\/span><\/p>\n<p style=\"text-align: justify;\"><span style=\"font-family: helvetica, arial, sans-serif;\">Carragher (45) desarroll\u00f3 toda su carrera en los \u2018Reds\u2019, entre 1996 y 2013.<\/span><\/p>\n","protected":false},"excerpt":{"rendered":"<p>El ex defensa brit\u00e1nico\u00a0Jamie Carragher,\u00a0uno de los m\u00e1ximos \u00eddolos del\u00a0Liverpool,\u00a0asegur\u00f3 que el equipo podr\u00eda salir a mediados de 2024 para adquirir un delantero, si el colombiano\u00a0Luis D\u00edaz\u00a0no levanta su nivel. \u201cLuis D\u00edaz simplemente parece una sombra de s\u00ed mismo desde esas lesiones de rodilla que tuvo la temporada pasada, obviamente tuvo problemas familiares esta temporada. [&hellip;]<\/p>\n","protected":false},"author":5,"featured_media":102450,"comment_status":"open","ping_status":"closed","sticky":false,"template":"","format":"standard","meta":{"_acf_changed":false,"footnotes":""},"categories":[418],"tags":[],"class_list":{"0":"post-102449","1":"post","2":"type-post","3":"status-publish","4":"format-standard","5":"has-post-thumbnail","7":"category-colombia"},"acf":[],"_links":{"self":[{"href":"https:\/\/futbolhoy.co\/index.php\/wp-json\/wp\/v2\/posts\/102449","targetHints":{"allow":["GET"]}}],"collection":[{"href":"https:\/\/futbolhoy.co\/index.php\/wp-json\/wp\/v2\/posts"}],"about":[{"href":"https:\/\/futbolhoy.co\/index.php\/wp-json\/wp\/v2\/types\/post"}],"author":[{"embeddable":true,"href":"https:\/\/futbolhoy.co\/index.php\/wp-json\/wp\/v2\/users\/5"}],"replies":[{"embeddable":true,"href":"https:\/\/futbolhoy.co\/index.php\/wp-json\/wp\/v2\/comments?post=102449"}],"version-history":[{"count":1,"href":"https:\/\/futbolhoy.co\/index.php\/wp-json\/wp\/v2\/posts\/102449\/revisions"}],"predecessor-version":[{"id":102451,"href":"https:\/\/futbolhoy.co\/index.php\/wp-json\/wp\/v2\/posts\/102449\/revisions\/102451"}],"wp:featuredmedia":[{"embeddable":true,"href":"https:\/\/futbolhoy.co\/index.php\/wp-json\/wp\/v2\/media\/102450"}],"wp:attachment":[{"href":"https:\/\/futbolhoy.co\/index.php\/wp-json\/wp\/v2\/media?parent=102449"}],"wp:term":[{"taxonomy":"category","embeddable":true,"href":"https:\/\/futbolhoy.co\/index.php\/wp-json\/wp\/v2\/categories?post=102449"},{"taxonomy":"post_tag","embeddable":true,"href":"https:\/\/futbolhoy.co\/index.php\/wp-json\/wp\/v2\/tags?post=102449"}],"curies":[{"name":"wp","href":"https:\/\/api.w.org\/{rel}","templated":true}]}}